{"id":76168,"date":"2021-05-06T09:40:46","date_gmt":"2021-05-06T12:40:46","guid":{"rendered":"https:\/\/primicias2262.com\/?p=76168"},"modified":"2021-05-06T09:40:46","modified_gmt":"2021-05-06T12:40:46","slug":"la-ue-tambien-esta-dispuesta-a-discutir-la-liberacion-de-patentes-de-las-vacunas","status":"publish","type":"post","link":"https:\/\/primicias2262.com\/noticias\/la-ue-tambien-esta-dispuesta-a-discutir-la-liberacion-de-patentes-de-las-vacunas\/","title":{"rendered":"La UE tambi\u00e9n est\u00e1 dispuesta a discutir la liberaci\u00f3n de patentes de las vacunas"},"content":{"rendered":"<p>La presidenta de la Comisi\u00f3n Europea, \u00darsula von der Leyen, asegur\u00f3 este jueves que la Uni\u00f3n Europea est\u00e1 \u00abdispuesta a discutir\u00bb la idea de levantar de manera temporal la protecci\u00f3n que ofrecen las patentes sobre las vacunas desarrolladas contra el coronavirus.<\/p>\n<p>As\u00ed lo expres\u00f3 luego de que el mi\u00e9coles\u00a0<strong>el Gobierno del presidente estadounidense Joe Biden apoyara la exenci\u00f3n de las patentes de las vacunas contra el coronavirus<\/strong>, un pedido que hasta ahora las principales potencias del mundo y fabricantes de los inoculantes rechazaban en la Organizaci\u00f3n Mundial del Comercio (OMC).<\/p>\n<p>\u00abLa Uni\u00f3n Europea est\u00e1 dispuesta a discutir toda propuesta dirigida a afrontar la crisis de manera efectiva y pragm\u00e1tica\u00bb, indic\u00f3 este jueves la jefa del Ejecutivo comunitario durante un discurso en el que se refiri\u00f3 al anuncio del presidente de Estados Unidos, Joe Biden, seg\u00fan consign\u00f3 la agencia DPA.<\/p>\n<p>En este sentido, \u00darsula von der Leyen afirm\u00f3: \u00abEstamos dispuestos a discutir c\u00f3mo la propuesta para una suspensi\u00f3n temporal de la protecci\u00f3n de la propiedad intelectual de la vacunas contra al Covid-19 podr\u00eda ayudar a lograr ese objetivo\u00bb.<\/p>\n<p>Este gesto supone un cambio en la din\u00e1mica europea que hasta ahora se ha resistido a abrir la reflexi\u00f3n sobre la liberalizaci\u00f3n de las patentes de los sueros contra el virus porque, seg\u00fan Bruselas, no ser\u00eda una respuesta efectiva.<\/p>\n<p>El mi\u00e9rcoles, la representante comercial estadounidense Katherine Tai hab\u00eda se\u00f1alado en un comunicado que \u00abse trata de una crisis sanitaria mundial y las circunstancias extraordinarias de la pandemia de Covid-19 exigen medidas extraordinarias\u00bb.<\/p>\n<p>\u00abEl Gobierno (de Estados Unidos) cree firmemente en las protecciones de la propiedad intelectual, pero, en aras de poner fin a esta pandemia, apoya la exenci\u00f3n de esas protecciones para las vacunas contra el Covid-19\u00bb, asegur\u00f3 la representante comercial estadounidense.<\/p>\n","protected":false},"excerpt":{"rendered":"<p>La presidenta de la Comisi\u00f3n Europea, \u00darsula von der Leyen, asegur\u00f3 este jueves que la Uni\u00f3n Europea est\u00e1 \u00abdispuesta a discutir\u00bb la idea de levantar de manera temporal la protecci\u00f3n que ofrecen las patentes sobre las vacunas desarrolladas contra el coronavirus. As\u00ed lo expres\u00f3 luego de que el mi\u00e9coles\u00a0el Gobierno del presidente estadounidense Joe Biden [&hellip;]<\/p>\n","protected":false},"author":3,"featured_media":76169,"comment_status":"closed","ping_status":"closed","sticky":false,"template":"","format":"standard","meta":{"footnotes":""},"categories":[4],"tags":[],"class_list":{"0":"post-76168","1":"post","2":"type-post","3":"status-publish","4":"format-standard","5":"has-post-thumbnail","7":"category-actualidad"},"_links":{"self":[{"href":"https:\/\/primicias2262.com\/noticias\/wp-json\/wp\/v2\/posts\/76168","targetHints":{"allow":["GET"]}}],"collection":[{"href":"https:\/\/primicias2262.com\/noticias\/wp-json\/wp\/v2\/posts"}],"about":[{"href":"https:\/\/primicias2262.com\/noticias\/wp-json\/wp\/v2\/types\/post"}],"author":[{"embeddable":true,"href":"https:\/\/primicias2262.com\/noticias\/wp-json\/wp\/v2\/users\/3"}],"replies":[{"embeddable":true,"href":"https:\/\/primicias2262.com\/noticias\/wp-json\/wp\/v2\/comments?post=76168"}],"version-history":[{"count":0,"href":"https:\/\/primicias2262.com\/noticias\/wp-json\/wp\/v2\/posts\/76168\/revisions"}],"wp:featuredmedia":[{"embeddable":true,"href":"https:\/\/primicias2262.com\/noticias\/wp-json\/"}],"wp:attachment":[{"href":"https:\/\/primicias2262.com\/noticias\/wp-json\/wp\/v2\/media?parent=76168"}],"wp:term":[{"taxonomy":"category","embeddable":true,"href":"https:\/\/primicias2262.com\/noticias\/wp-json\/wp\/v2\/categories?post=76168"},{"taxonomy":"post_tag","embeddable":true,"href":"https:\/\/primicias2262.com\/noticias\/wp-json\/wp\/v2\/tags?post=76168"}],"curies":[{"name":"wp","href":"https:\/\/api.w.org\/{rel}","templated":true}]}}