{"id":76171,"date":"2021-05-06T09:00:19","date_gmt":"2021-05-06T12:00:19","guid":{"rendered":"https:\/\/primicias2262.com\/?p=76171"},"modified":"2021-05-06T09:00:19","modified_gmt":"2021-05-06T12:00:19","slug":"siguen-los-testeos-a-trabajadores-de-la-educacion-en-loberia","status":"publish","type":"post","link":"https:\/\/primicias2262.com\/noticias\/siguen-los-testeos-a-trabajadores-de-la-educacion-en-loberia\/","title":{"rendered":"Siguen los testeos a trabajadores de la educaci\u00f3n en Lober\u00eda"},"content":{"rendered":"<div class=\"o9v6fnle cxmmr5t8 oygrvhab hcukyx3x c1et5uql ii04i59q\">\n<p dir=\"auto\">Se trata de una acci\u00f3n impulsada por estos d\u00edas en todos los distritos de la Provincia que contin\u00faan con clases presenciales, con el objeto de identificar casos de Covid asintom\u00e1ticos y proceder de inmediato a su aislamiento, como medida complementaria de cuidado que se agrega a muchas otras indicadas en los protocolos que rigen la presencialidad en nuestras Escuelas P\u00fablicas.<\/p>\n<p dir=\"auto\">La tarea es impulsada por la Jefatura Regional de Educaci\u00f3n, que conduce la necochense Ana Lidia Marincevic.<\/p>\n<p dir=\"auto\">Este mi\u00e9rcoles dio comienzo en Lober\u00eda la tarea enmarcada en el Plan Jurisdiccional 2021, con recursos materiales puestos a disposici\u00f3n por el Gobierno de la Provincia de Buenos Aires y con la valiosa participaci\u00f3n de personal de Salud de cada distrito, quienes acompa\u00f1ados por autoridades educativas territoriales garantizan el cuidado de Alumnos, Trabajadores de la Educaci\u00f3n y nuestras comunidades.<\/p>\n<\/div>\n","protected":false},"excerpt":{"rendered":"<p>Se trata de una acci\u00f3n impulsada por estos d\u00edas en todos los distritos de la Provincia que contin\u00faan con clases presenciales, con el objeto de identificar casos de Covid asintom\u00e1ticos y proceder de inmediato a su aislamiento, como medida complementaria de cuidado que se agrega a muchas otras indicadas en los protocolos que rigen la [&hellip;]<\/p>\n","protected":false},"author":3,"featured_media":76172,"comment_status":"closed","ping_status":"closed","sticky":false,"template":"","format":"standard","meta":{"footnotes":""},"categories":[4],"tags":[],"class_list":{"0":"post-76171","1":"post","2":"type-post","3":"status-publish","4":"format-standard","5":"has-post-thumbnail","7":"category-actualidad"},"_links":{"self":[{"href":"https:\/\/primicias2262.com\/noticias\/wp-json\/wp\/v2\/posts\/76171","targetHints":{"allow":["GET"]}}],"collection":[{"href":"https:\/\/primicias2262.com\/noticias\/wp-json\/wp\/v2\/posts"}],"about":[{"href":"https:\/\/primicias2262.com\/noticias\/wp-json\/wp\/v2\/types\/post"}],"author":[{"embeddable":true,"href":"https:\/\/primicias2262.com\/noticias\/wp-json\/wp\/v2\/users\/3"}],"replies":[{"embeddable":true,"href":"https:\/\/primicias2262.com\/noticias\/wp-json\/wp\/v2\/comments?post=76171"}],"version-history":[{"count":0,"href":"https:\/\/primicias2262.com\/noticias\/wp-json\/wp\/v2\/posts\/76171\/revisions"}],"wp:featuredmedia":[{"embeddable":true,"href":"https:\/\/primicias2262.com\/noticias\/wp-json\/"}],"wp:attachment":[{"href":"https:\/\/primicias2262.com\/noticias\/wp-json\/wp\/v2\/media?parent=76171"}],"wp:term":[{"taxonomy":"category","embeddable":true,"href":"https:\/\/primicias2262.com\/noticias\/wp-json\/wp\/v2\/categories?post=76171"},{"taxonomy":"post_tag","embeddable":true,"href":"https:\/\/primicias2262.com\/noticias\/wp-json\/wp\/v2\/tags?post=76171"}],"curies":[{"name":"wp","href":"https:\/\/api.w.org\/{rel}","templated":true}]}}