{"id":76174,"date":"2021-05-06T10:38:36","date_gmt":"2021-05-06T13:38:36","guid":{"rendered":"https:\/\/primicias2262.com\/?p=76174"},"modified":"2021-05-06T10:38:36","modified_gmt":"2021-05-06T13:38:36","slug":"plantean-la-posibilidad-de-que-algunos-comercios-puedan-cerrar-despues-de-las-20","status":"publish","type":"post","link":"https:\/\/primicias2262.com\/noticias\/plantean-la-posibilidad-de-que-algunos-comercios-puedan-cerrar-despues-de-las-20\/","title":{"rendered":"Plantean la posibilidad de que algunos comercios puedan cerrar despu\u00e9s de las 20"},"content":{"rendered":"<p>La posibilidad de que algunas actividades comerciales puedan mantener sus puertas abiertas despu\u00e9s de las 20, fue analizada en el seno de la comisi\u00f3n de Trabajo y Desarrollo Local del Concejo Deliberante, que preside Rafael I\u00e1cono.<\/p>\n<p>El tema fue planteado por los presidentes de la C\u00e1mara Comercial e Industrial de Necochea-Quequ\u00e9n, Mariano Gonz\u00e1lez y de Cuneq, Gast\u00f3n Gonz\u00e1lez. En rigor manifestaron que algunos comercios hagan horario corrido y otros puedan mantener sus puertas abiertas m\u00e1s all\u00e1 de las 20.<\/p>\n<p>El cierre de los comercios a las 20 fue impuesto semana atr\u00e1s cuando Necochea descendi\u00f3 a la Fase 3 de la cuarentena.<\/p>\n<p>En la reuni\u00f3n estuvieron presentes los concejales Gabriela G\u00f3ngora y Luciana Jaime (Nueva Necochea), Diego L\u00f3pez Rodr\u00edguez, Miguel Arana y Gast\u00f3n Negrin (Frente de Todos), Norma Al\u00ed (Frente de Todos-Participaci\u00f3n Justicialista), Graciana Maizzani y Felicitas Cabreton (UCR) y Mar\u00eda Eugenia Vallota (PRO).<\/p>\n<p>&nbsp;<\/p>\n","protected":false},"excerpt":{"rendered":"<p>La posibilidad de que algunas actividades comerciales puedan mantener sus puertas abiertas despu\u00e9s de las 20, fue analizada en el seno de la comisi\u00f3n de Trabajo y Desarrollo Local del Concejo Deliberante, que preside Rafael I\u00e1cono. El tema fue planteado por los presidentes de la C\u00e1mara Comercial e Industrial de Necochea-Quequ\u00e9n, Mariano Gonz\u00e1lez y de [&hellip;]<\/p>\n","protected":false},"author":3,"featured_media":76175,"comment_status":"closed","ping_status":"closed","sticky":false,"template":"","format":"standard","meta":{"footnotes":""},"categories":[3],"tags":[],"class_list":{"0":"post-76174","1":"post","2":"type-post","3":"status-publish","4":"format-standard","5":"has-post-thumbnail","7":"category-masnoticias"},"_links":{"self":[{"href":"https:\/\/primicias2262.com\/noticias\/wp-json\/wp\/v2\/posts\/76174","targetHints":{"allow":["GET"]}}],"collection":[{"href":"https:\/\/primicias2262.com\/noticias\/wp-json\/wp\/v2\/posts"}],"about":[{"href":"https:\/\/primicias2262.com\/noticias\/wp-json\/wp\/v2\/types\/post"}],"author":[{"embeddable":true,"href":"https:\/\/primicias2262.com\/noticias\/wp-json\/wp\/v2\/users\/3"}],"replies":[{"embeddable":true,"href":"https:\/\/primicias2262.com\/noticias\/wp-json\/wp\/v2\/comments?post=76174"}],"version-history":[{"count":0,"href":"https:\/\/primicias2262.com\/noticias\/wp-json\/wp\/v2\/posts\/76174\/revisions"}],"wp:featuredmedia":[{"embeddable":true,"href":"https:\/\/primicias2262.com\/noticias\/wp-json\/"}],"wp:attachment":[{"href":"https:\/\/primicias2262.com\/noticias\/wp-json\/wp\/v2\/media?parent=76174"}],"wp:term":[{"taxonomy":"category","embeddable":true,"href":"https:\/\/primicias2262.com\/noticias\/wp-json\/wp\/v2\/categories?post=76174"},{"taxonomy":"post_tag","embeddable":true,"href":"https:\/\/primicias2262.com\/noticias\/wp-json\/wp\/v2\/tags?post=76174"}],"curies":[{"name":"wp","href":"https:\/\/api.w.org\/{rel}","templated":true}]}}