{"id":76180,"date":"2021-05-06T12:48:27","date_gmt":"2021-05-06T15:48:27","guid":{"rendered":"https:\/\/primicias2262.com\/?p=76180"},"modified":"2021-05-06T12:48:27","modified_gmt":"2021-05-06T15:48:27","slug":"cruz-roja-brindara-un-taller-de-rcp-este-sabado-en-la-dulce-y-juan-n-fernandez","status":"publish","type":"post","link":"https:\/\/primicias2262.com\/noticias\/cruz-roja-brindara-un-taller-de-rcp-este-sabado-en-la-dulce-y-juan-n-fernandez\/","title":{"rendered":"Cruz Roja brindar\u00e1 un taller de RCP este s\u00e1bado en La Dulce y Juan N. Fern\u00e1ndez"},"content":{"rendered":"<p><strong>Ser\u00e1 de 10 a 12 en JNF y de 14 a 17 en La Dulce, de forma gratuita, y en el marco del D\u00eda Internacional de la Cruz Roja y la Media Luna Roja.<\/strong><\/p>\n<p>La filial Necochea de la Cruz Roja Argentina brindar\u00e1 este s\u00e1bado 8 de mayo un taller de Reanimaci\u00f3n Cardio Pulmonar en las localidades de Juan N. Fern\u00e1ndez y La Dulce, espacio de capacitaci\u00f3n que ser\u00e1 abierto a la comunidad y totalmente gratuito.<\/p>\n<p><strong>-8 de mayo Dia Internacional de la Cruz Roja y la Media Luna Roja &#8211;<\/strong><br \/>\n<strong>\u00abEl sabado 8 de mayo estaremos en las localidades vecinas Juan N. Fernandez y La Dulce, brindando un taller de RCP abierto a toda la comunidad\u00bb, informaron.<\/strong><\/p>\n<p>Adem\u00e1s, detallaron desde Cruz Roja que <strong>\u00abEn Juan N. Fernandez estaremos en el predio de \u00abLa Soga Gaucha\u00bb de 10 a 12 hs. <\/strong><strong>En La Dulce vamos a estar en Plaza San Pablo de 14 a 17 hs. <\/strong><strong>Estos talleres ser\u00e1n gratuitos y abiertos para toda la comunidad\u00bb.<\/strong><\/p>\n","protected":false},"excerpt":{"rendered":"<p>Ser\u00e1 de 10 a 12 en JNF y de 14 a 17 en La Dulce, de forma gratuita, y en el marco del D\u00eda Internacional de la Cruz Roja y la Media Luna Roja. La filial Necochea de la Cruz Roja Argentina brindar\u00e1 este s\u00e1bado 8 de mayo un taller de Reanimaci\u00f3n Cardio Pulmonar en [&hellip;]<\/p>\n","protected":false},"author":3,"featured_media":76181,"comment_status":"closed","ping_status":"closed","sticky":false,"template":"","format":"standard","meta":{"footnotes":""},"categories":[3],"tags":[],"class_list":{"0":"post-76180","1":"post","2":"type-post","3":"status-publish","4":"format-standard","5":"has-post-thumbnail","7":"category-masnoticias"},"_links":{"self":[{"href":"https:\/\/primicias2262.com\/noticias\/wp-json\/wp\/v2\/posts\/76180","targetHints":{"allow":["GET"]}}],"collection":[{"href":"https:\/\/primicias2262.com\/noticias\/wp-json\/wp\/v2\/posts"}],"about":[{"href":"https:\/\/primicias2262.com\/noticias\/wp-json\/wp\/v2\/types\/post"}],"author":[{"embeddable":true,"href":"https:\/\/primicias2262.com\/noticias\/wp-json\/wp\/v2\/users\/3"}],"replies":[{"embeddable":true,"href":"https:\/\/primicias2262.com\/noticias\/wp-json\/wp\/v2\/comments?post=76180"}],"version-history":[{"count":0,"href":"https:\/\/primicias2262.com\/noticias\/wp-json\/wp\/v2\/posts\/76180\/revisions"}],"wp:featuredmedia":[{"embeddable":true,"href":"https:\/\/primicias2262.com\/noticias\/wp-json\/"}],"wp:attachment":[{"href":"https:\/\/primicias2262.com\/noticias\/wp-json\/wp\/v2\/media?parent=76180"}],"wp:term":[{"taxonomy":"category","embeddable":true,"href":"https:\/\/primicias2262.com\/noticias\/wp-json\/wp\/v2\/categories?post=76180"},{"taxonomy":"post_tag","embeddable":true,"href":"https:\/\/primicias2262.com\/noticias\/wp-json\/wp\/v2\/tags?post=76180"}],"curies":[{"name":"wp","href":"https:\/\/api.w.org\/{rel}","templated":true}]}}