{"id":76183,"date":"2021-05-06T13:37:46","date_gmt":"2021-05-06T16:37:46","guid":{"rendered":"https:\/\/primicias2262.com\/?p=76183"},"modified":"2021-05-06T13:37:46","modified_gmt":"2021-05-06T16:37:46","slug":"articulacion-entre-el-ejecutivo-y-educacion-para-arreglar-los-cef-de-quequen-y-juan-n-fernandez","status":"publish","type":"post","link":"https:\/\/primicias2262.com\/noticias\/articulacion-entre-el-ejecutivo-y-educacion-para-arreglar-los-cef-de-quequen-y-juan-n-fernandez\/","title":{"rendered":"Articulaci\u00f3n entre el Ejecutivo y educaci\u00f3n para arreglar los CEF de Quequ\u00e9n y Juan N. Fern\u00e1ndez"},"content":{"rendered":"<p><strong>El intendente municipal, Arturo Rojas, encabez\u00f3 una reuni\u00f3n junto a autoridades educativas para tratar las problem\u00e1ticas de infraestructura de los Centros de Educaci\u00f3n F\u00edsica, tanto el N\u00ba 76 de Quequ\u00e9n, como el N\u00ba 63 de Juan N. Fern\u00e1ndez.<\/strong><\/p>\n<div class=\"wp-block-media-text alignwide is-stacked-on-mobile\">\n<div class=\"wp-block-media-text__content\">\n<p>Para ello, el jefe comunal, acompa\u00f1ado por la directora de Educaci\u00f3n, Patricia Britos, trat\u00f3 el tema junto al jefe Distrital, Javier Ranaldi, el presidente del Consejo Escolar local, Juan de la Calle, y la Jefa Regional de DIEGEP (Direcci\u00f3n de Educaci\u00f3n de Gesti\u00f3n Privada), Paula La Battaglia.<\/p>\n<p>Tras el di\u00e1logo en el despacho, en primer t\u00e9rmino Patricia Britos manifest\u00f3 respecto al tema de los CEF que \u201cestuvimos viendo entre varias partes la posibilidad de ir arreglando de a poco los problemas de infraestructura. Hay una parte que el Consejo Escolar ya la tiene cubierta pero hay otras obras que son m\u00e1s costosas, para lo que tenemos que articular entre las partes: Municipio, Consejo Escolar y Provincia\u201d.<\/p>\n<\/div>\n<\/div>\n<p>Por su parte, Javier Ranaldi se\u00f1al\u00f3 que \u201ctenemos una dificultad con los CEF de Quequ\u00e9n y Juan N. Fern\u00e1ndez, ya que si bien tenemos obras pedidas ante Provincia, \u00e9stas a\u00fan no han salido, y es inminente la puesta en funcionamiento de estos CEF, aunque tenemos dificultades con la infraestructura, como techos que se llueven o ba\u00f1os que est\u00e1n sin reparar\u201d.<\/p>\n<p><img loading=\"lazy\" decoding=\"async\" class=\"aligncenter size-full wp-image-76185\" src=\"https:\/\/primicias2262.com\/wp-content\/uploads\/2021\/05\/Rojas-educacion.jpeg\" alt=\"\" width=\"1280\" height=\"853\" \/><\/p>\n<p>Ante todo este contexto, el jefe Distrital coincidi\u00f3 con Britos en que \u201calgo se est\u00e1 haciendo desde el Consejo Escolar, pero hay otras obras que demandan otro tipo de trabajos que por ahora el mismo no puede afrontar y que necesitamos con urgencia, por lo que hablamos con el intendente Arturo Rojas y planteamos la posibilidad de utilizar parte del Fondo de Fortalecimiento, pero nos mostr\u00f3 los n\u00fameros de \u00e9ste y es insuficiente, \u00a0aunque s\u00ed estuvo predispuesto a poner mano de obra y trabajar en conjunto para conseguir materiales\u201d.<\/p>\n<p>Por ende, Ranaldi valor\u00f3 que \u201chubo una predisposici\u00f3n muy buena para trabajar en conjunto, y un di\u00e1logo interesante para generar una red que nos permita que los pibes y la gente adulta que van a los CEF puedan concurrir en las mejores condiciones posibles, ya que estos centros no s\u00f3lo atienden a la matr\u00edcula escolar, sino a gente adulta y del barrio que no puede acceder con recursos para pagar el privado o ir al gimnasio, por lo que son un servicio fundamental a la poblaci\u00f3n\u201d.<\/p>\n","protected":false},"excerpt":{"rendered":"<p>El intendente municipal, Arturo Rojas, encabez\u00f3 una reuni\u00f3n junto a autoridades educativas para tratar las problem\u00e1ticas de infraestructura de los Centros de Educaci\u00f3n F\u00edsica, tanto el N\u00ba 76 de Quequ\u00e9n, como el N\u00ba 63 de Juan N. Fern\u00e1ndez. Para ello, el jefe comunal, acompa\u00f1ado por la directora de Educaci\u00f3n, Patricia Britos, trat\u00f3 el tema junto [&hellip;]<\/p>\n","protected":false},"author":3,"featured_media":76184,"comment_status":"closed","ping_status":"closed","sticky":false,"template":"","format":"standard","meta":{"footnotes":""},"categories":[3],"tags":[],"class_list":{"0":"post-76183","1":"post","2":"type-post","3":"status-publish","4":"format-standard","5":"has-post-thumbnail","7":"category-masnoticias"},"_links":{"self":[{"href":"https:\/\/primicias2262.com\/noticias\/wp-json\/wp\/v2\/posts\/76183","targetHints":{"allow":["GET"]}}],"collection":[{"href":"https:\/\/primicias2262.com\/noticias\/wp-json\/wp\/v2\/posts"}],"about":[{"href":"https:\/\/primicias2262.com\/noticias\/wp-json\/wp\/v2\/types\/post"}],"author":[{"embeddable":true,"href":"https:\/\/primicias2262.com\/noticias\/wp-json\/wp\/v2\/users\/3"}],"replies":[{"embeddable":true,"href":"https:\/\/primicias2262.com\/noticias\/wp-json\/wp\/v2\/comments?post=76183"}],"version-history":[{"count":0,"href":"https:\/\/primicias2262.com\/noticias\/wp-json\/wp\/v2\/posts\/76183\/revisions"}],"wp:featuredmedia":[{"embeddable":true,"href":"https:\/\/primicias2262.com\/noticias\/wp-json\/"}],"wp:attachment":[{"href":"https:\/\/primicias2262.com\/noticias\/wp-json\/wp\/v2\/media?parent=76183"}],"wp:term":[{"taxonomy":"category","embeddable":true,"href":"https:\/\/primicias2262.com\/noticias\/wp-json\/wp\/v2\/categories?post=76183"},{"taxonomy":"post_tag","embeddable":true,"href":"https:\/\/primicias2262.com\/noticias\/wp-json\/wp\/v2\/tags?post=76183"}],"curies":[{"name":"wp","href":"https:\/\/api.w.org\/{rel}","templated":true}]}}