{"id":76193,"date":"2021-05-07T08:52:21","date_gmt":"2021-05-07T11:52:21","guid":{"rendered":"https:\/\/primicias2262.com\/?p=76193"},"modified":"2021-05-07T08:52:21","modified_gmt":"2021-05-07T11:52:21","slug":"gargaglione-recorrio-los-talleres-de-arte-en-san-cayetano","status":"publish","type":"post","link":"https:\/\/primicias2262.com\/noticias\/gargaglione-recorrio-los-talleres-de-arte-en-san-cayetano\/","title":{"rendered":"Gargaglione recorri\u00f3 los talleres de arte en San Cayetano"},"content":{"rendered":"<p><strong>En la semana en que retornaron a clases presenciales, el intendente de San Cayetano, Miguel Gargaglione, recorri\u00f3 los talleres de arte de la Direcci\u00f3n de Educaci\u00f3n y Cultura.<\/strong><\/p>\n<p>Acompa\u00f1ado por el Secretario de Gobierno del municipio de San Cayetano, Marcelo Gonz\u00e1lez, y el Coordinador del \u00e1rea, Marcos Cerchiara, el Intendente dialog\u00f3 con profesores y alumnos sobre esta posibilidad de tener clases en las aulas, hecho que no ocurri\u00f3 durante todo el 2020 debido a la pandemia.<\/p>\n<p>Si bien los Talleres hab\u00edan comenzado a dictarse de manera virtual, la disminuci\u00f3n de casos activos permiti\u00f3 que esta semana retornen clases presenciales.<\/p>\n<p>\u00c9stas se desarrollar\u00e1n siguiendo un esquema similar al del \u00e1mbito educativo, es decir con burbujas de talleres que alternan semanas de presencialidad en el Espacio Cultural.<\/p>\n<p>En cada una de las charlas se coincidi\u00f3 en la necesidad de respetar los protocolos y extremar los cuidados para disminuir la propagaci\u00f3n del virus.<\/p>\n","protected":false},"excerpt":{"rendered":"<p>En la semana en que retornaron a clases presenciales, el intendente de San Cayetano, Miguel Gargaglione, recorri\u00f3 los talleres de arte de la Direcci\u00f3n de Educaci\u00f3n y Cultura. Acompa\u00f1ado por el Secretario de Gobierno del municipio de San Cayetano, Marcelo Gonz\u00e1lez, y el Coordinador del \u00e1rea, Marcos Cerchiara, el Intendente dialog\u00f3 con profesores y alumnos [&hellip;]<\/p>\n","protected":false},"author":3,"featured_media":76194,"comment_status":"closed","ping_status":"closed","sticky":false,"template":"","format":"standard","meta":{"footnotes":""},"categories":[4],"tags":[],"class_list":{"0":"post-76193","1":"post","2":"type-post","3":"status-publish","4":"format-standard","5":"has-post-thumbnail","7":"category-actualidad"},"_links":{"self":[{"href":"https:\/\/primicias2262.com\/noticias\/wp-json\/wp\/v2\/posts\/76193","targetHints":{"allow":["GET"]}}],"collection":[{"href":"https:\/\/primicias2262.com\/noticias\/wp-json\/wp\/v2\/posts"}],"about":[{"href":"https:\/\/primicias2262.com\/noticias\/wp-json\/wp\/v2\/types\/post"}],"author":[{"embeddable":true,"href":"https:\/\/primicias2262.com\/noticias\/wp-json\/wp\/v2\/users\/3"}],"replies":[{"embeddable":true,"href":"https:\/\/primicias2262.com\/noticias\/wp-json\/wp\/v2\/comments?post=76193"}],"version-history":[{"count":0,"href":"https:\/\/primicias2262.com\/noticias\/wp-json\/wp\/v2\/posts\/76193\/revisions"}],"wp:featuredmedia":[{"embeddable":true,"href":"https:\/\/primicias2262.com\/noticias\/wp-json\/"}],"wp:attachment":[{"href":"https:\/\/primicias2262.com\/noticias\/wp-json\/wp\/v2\/media?parent=76193"}],"wp:term":[{"taxonomy":"category","embeddable":true,"href":"https:\/\/primicias2262.com\/noticias\/wp-json\/wp\/v2\/categories?post=76193"},{"taxonomy":"post_tag","embeddable":true,"href":"https:\/\/primicias2262.com\/noticias\/wp-json\/wp\/v2\/tags?post=76193"}],"curies":[{"name":"wp","href":"https:\/\/api.w.org\/{rel}","templated":true}]}}