{"id":76204,"date":"2021-05-07T10:16:24","date_gmt":"2021-05-07T13:16:24","guid":{"rendered":"https:\/\/primicias2262.com\/?p=76204"},"modified":"2021-05-07T10:16:24","modified_gmt":"2021-05-07T13:16:24","slug":"en-las-ultimas-tres-semanas-no-ha-sido-tan-virulenta-la-ola-de-contagios-en-nuestra-region","status":"publish","type":"post","link":"https:\/\/primicias2262.com\/noticias\/en-las-ultimas-tres-semanas-no-ha-sido-tan-virulenta-la-ola-de-contagios-en-nuestra-region\/","title":{"rendered":"En las \u00faltimas tres semanas, no ha sido tan virulenta la ola de contagios en nuestra regi\u00f3n"},"content":{"rendered":"<p>Durante las \u00faltimas tres semanas, la segunda ola de coronavirus no fue tan virulenta en nuestra regi\u00f3n, seg\u00fan lo que indican las estad\u00edsticas de la Regi\u00f3n Sanitaria VIII, de la cual forma parte Necochea y otros distritos importantes como General Pueyrred\u00f3n y Tandil, por citar algunas.<\/p>\n<p>Desde mediados de abril pasado hasta hoy se han sumado 421 casos activos entre los 16 distritos que componen la regi\u00f3n, en la que habitan m\u00e1s de 1,5 millones de habitantes.<\/p>\n<p>En rigor, hasta este viernes los casos activos totalizan 6.592 (casi la mitad se localizan en Mar del Plata). Esa relativa estabilidad va de la mano de la elevada cantidad de pacientes que pudieron superar la enfermedad sin mayores inconvenientes.<\/p>\n<p>Durante los \u00faltimos 20 d\u00edas se han registrado 270 muertes, de las cuales 20 ocurrieron en Necochea, el distrito con m\u00e1s v\u00edctimas fatales de los \u00faltimos d\u00edas detr\u00e1s de Mar del Plata.<\/p>\n<p>El denominador com\u00fan en todos los distritos es el alto porcentaje de ocupaci\u00f3n de las camas cr\u00edticas,como ocurre en todo el pa\u00eds.<\/p>\n<p>El dato alentador es que ha sido sostenido el ritmo de vacunaci\u00f3n en toda la regi\u00f3n, habi\u00e9ndose inmunizado un alto porcentaje de trabajadores de la salud y adultos mayores de 70 y 80 a\u00f1os, que en los pr\u00f3ximos d\u00edas recibir\u00e1n la segunda dosis.<\/p>\n<table width=\"548\">\n<tbody>\n<tr>\n<td width=\"144\"><strong>DISTRITO<\/strong><\/td>\n<td width=\"109\"><strong>CASOS ACTIVOS<\/strong><\/td>\n<td width=\"110\"><strong>CASOS TOTALES<\/strong><\/td>\n<td width=\"105\"><strong>RECUPERADOS<\/strong><\/td>\n<td width=\"80\"><strong>FALLECIDOS<\/strong><\/td>\n<\/tr>\n<tr>\n<td>AYACUCHO<\/td>\n<td style=\"text-align: right;\">68<\/td>\n<td style=\"text-align: right;\">1332<\/td>\n<td style=\"text-align: right;\">1241<\/td>\n<td style=\"text-align: right;\">23<\/td>\n<\/tr>\n<tr>\n<td>BALCARCE<\/td>\n<td style=\"text-align: right;\">221<\/td>\n<td style=\"text-align: right;\">6420<\/td>\n<td style=\"text-align: right;\">6094<\/td>\n<td style=\"text-align: right;\">105<\/td>\n<\/tr>\n<tr>\n<td>GENERAL ALVARADO<\/td>\n<td style=\"text-align: right;\">212<\/td>\n<td style=\"text-align: right;\">3122<\/td>\n<td style=\"text-align: right;\">2838<\/td>\n<td style=\"text-align: right;\">72<\/td>\n<\/tr>\n<tr>\n<td>GENERAL GUIDO<\/td>\n<td style=\"text-align: right;\">7<\/td>\n<td style=\"text-align: right;\">128<\/td>\n<td style=\"text-align: right;\">121<\/td>\n<td style=\"text-align: right;\">0<\/td>\n<\/tr>\n<tr>\n<td>GENERAL LAVALLE<\/td>\n<td style=\"text-align: right;\">21<\/td>\n<td style=\"text-align: right;\">150<\/td>\n<td style=\"text-align: right;\">128<\/td>\n<td style=\"text-align: right;\">1<\/td>\n<\/tr>\n<tr>\n<td>GENERAL MADARIAGA<\/td>\n<td style=\"text-align: right;\">73<\/td>\n<td style=\"text-align: right;\">1834<\/td>\n<td style=\"text-align: right;\">1719<\/td>\n<td style=\"text-align: right;\">42<\/td>\n<\/tr>\n<tr>\n<td>GENERAL PUEYRREDON<\/td>\n<td style=\"text-align: right;\">3295<\/td>\n<td style=\"text-align: right;\">55427<\/td>\n<td style=\"text-align: right;\">50454<\/td>\n<td style=\"text-align: right;\">1678<\/td>\n<\/tr>\n<tr>\n<td>LOBERIA<\/td>\n<td style=\"text-align: right;\">63<\/td>\n<td style=\"text-align: right;\">2063<\/td>\n<td style=\"text-align: right;\">1960<\/td>\n<td style=\"text-align: right;\">40<\/td>\n<\/tr>\n<tr>\n<td>MAIPU<\/td>\n<td style=\"text-align: right;\">76<\/td>\n<td style=\"text-align: right;\">596<\/td>\n<td style=\"text-align: right;\">504<\/td>\n<td style=\"text-align: right;\">16<\/td>\n<\/tr>\n<tr>\n<td>MAR CHIQUITA<\/td>\n<td style=\"text-align: right;\">94<\/td>\n<td style=\"text-align: right;\">1214<\/td>\n<td style=\"text-align: right;\">1094<\/td>\n<td style=\"text-align: right;\">26<\/td>\n<\/tr>\n<tr>\n<td>NECOCHEA<\/td>\n<td style=\"text-align: right;\">498<\/td>\n<td style=\"text-align: right;\">8300<\/td>\n<td style=\"text-align: right;\">7693<\/td>\n<td style=\"text-align: right;\">109<\/td>\n<\/tr>\n<tr>\n<td>PARTIDO DE LA COSTA<\/td>\n<td style=\"text-align: right;\">341<\/td>\n<td style=\"text-align: right;\">4029<\/td>\n<td style=\"text-align: right;\">3629<\/td>\n<td style=\"text-align: right;\">59<\/td>\n<\/tr>\n<tr>\n<td>PINAMAR<\/td>\n<td style=\"text-align: right;\">430<\/td>\n<td style=\"text-align: right;\">4775<\/td>\n<td style=\"text-align: right;\">4300<\/td>\n<td style=\"text-align: right;\">45<\/td>\n<\/tr>\n<tr>\n<td>SAN CAYETANO<\/td>\n<td style=\"text-align: right;\">43<\/td>\n<td style=\"text-align: right;\">810<\/td>\n<td style=\"text-align: right;\">728<\/td>\n<td style=\"text-align: right;\">39<\/td>\n<\/tr>\n<tr>\n<td>TANDIL<\/td>\n<td style=\"text-align: right;\">924<\/td>\n<td style=\"text-align: right;\">13394<\/td>\n<td style=\"text-align: right;\">12223<\/td>\n<td style=\"text-align: right;\">247<\/td>\n<\/tr>\n<tr>\n<td>VILLA GESELL<\/td>\n<td style=\"text-align: right;\">226<\/td>\n<td style=\"text-align: right;\">2189<\/td>\n<td style=\"text-align: right;\">1944<\/td>\n<td style=\"text-align: right;\">19<\/td>\n<\/tr>\n<tr>\n<td><strong>TOTALES<\/strong><\/td>\n<td style=\"text-align: right;\"><strong>6592<\/strong><\/td>\n<td style=\"text-align: right;\"><strong>105783<\/strong><\/td>\n<td style=\"text-align: right;\"><strong>96670<\/strong><\/td>\n<td style=\"text-align: right;\"><strong>2521<\/strong><\/td>\n<\/tr>\n<\/tbody>\n<\/table>\n","protected":false},"excerpt":{"rendered":"<p>Durante las \u00faltimas tres semanas, la segunda ola de coronavirus no fue tan virulenta en nuestra regi\u00f3n, seg\u00fan lo que indican las estad\u00edsticas de la Regi\u00f3n Sanitaria VIII, de la cual forma parte Necochea y otros distritos importantes como General Pueyrred\u00f3n y Tandil, por citar algunas. Desde mediados de abril pasado hasta hoy se han [&hellip;]<\/p>\n","protected":false},"author":3,"featured_media":75235,"comment_status":"closed","ping_status":"closed","sticky":false,"template":"","format":"standard","meta":{"footnotes":""},"categories":[3],"tags":[],"class_list":{"0":"post-76204","1":"post","2":"type-post","3":"status-publish","4":"format-standard","5":"has-post-thumbnail","7":"category-masnoticias"},"_links":{"self":[{"href":"https:\/\/primicias2262.com\/noticias\/wp-json\/wp\/v2\/posts\/76204","targetHints":{"allow":["GET"]}}],"collection":[{"href":"https:\/\/primicias2262.com\/noticias\/wp-json\/wp\/v2\/posts"}],"about":[{"href":"https:\/\/primicias2262.com\/noticias\/wp-json\/wp\/v2\/types\/post"}],"author":[{"embeddable":true,"href":"https:\/\/primicias2262.com\/noticias\/wp-json\/wp\/v2\/users\/3"}],"replies":[{"embeddable":true,"href":"https:\/\/primicias2262.com\/noticias\/wp-json\/wp\/v2\/comments?post=76204"}],"version-history":[{"count":0,"href":"https:\/\/primicias2262.com\/noticias\/wp-json\/wp\/v2\/posts\/76204\/revisions"}],"wp:featuredmedia":[{"embeddable":true,"href":"https:\/\/primicias2262.com\/noticias\/wp-json\/"}],"wp:attachment":[{"href":"https:\/\/primicias2262.com\/noticias\/wp-json\/wp\/v2\/media?parent=76204"}],"wp:term":[{"taxonomy":"category","embeddable":true,"href":"https:\/\/primicias2262.com\/noticias\/wp-json\/wp\/v2\/categories?post=76204"},{"taxonomy":"post_tag","embeddable":true,"href":"https:\/\/primicias2262.com\/noticias\/wp-json\/wp\/v2\/tags?post=76204"}],"curies":[{"name":"wp","href":"https:\/\/api.w.org\/{rel}","templated":true}]}}