{"id":76209,"date":"2021-05-07T19:08:49","date_gmt":"2021-05-07T22:08:49","guid":{"rendered":"https:\/\/primicias2262.com\/?p=76209"},"modified":"2021-05-07T19:08:49","modified_gmt":"2021-05-07T22:08:49","slug":"anuncian-acuerdos-de-precios-en-carnes-frutas-verduras-y-productos-de-almacen","status":"publish","type":"post","link":"https:\/\/primicias2262.com\/noticias\/anuncian-acuerdos-de-precios-en-carnes-frutas-verduras-y-productos-de-almacen\/","title":{"rendered":"Anuncian acuerdos de precios en carnes, frutas, verduras y productos de almac\u00e9n"},"content":{"rendered":"<p>El Gobierno nacional anunci\u00f3 un conjunto de acuerdos de precios para cortes de carnes, frutas y verduras a valores econ\u00f3micos, y para conformar una canasta de 120 productos alimenticios, bebidas y art\u00edculos de higiene personal para los comercios de cercan\u00eda o barriales.<\/p>\n<p>As\u00ed lo present\u00f3 el ministro de Desarrollo Productivo, Mat\u00edas Kulfas, al participar del Consejo Federal Argentina Contra el Hambre, que encabez\u00f3 el presidente Alberto Fern\u00e1ndez en la Casa Rosada, junto a otros funcionarios y representantes de la sociedad civil.<\/p>\n<p>En ese marco, Kulfas anunci\u00f3 un nuevo acuerdo de precios para cortes de carne vacuna que regir\u00e1 desde el 11 de mayo hasta fin de a\u00f1o, los que estar\u00e1n disponibles de lunes a viernes en 3.000 bocas de expendio de todo el pa\u00eds, mediante un entendimiento con el Consorcio Exportador ABC.<\/p>\n<p>El ministro de la cartera productiva precis\u00f3 que el acuerdo incluir\u00e1 11 cortes de carne vacuna y sumar\u00e1 la venta directa a trav\u00e9s de camiones que recorrer\u00e1n el Gran Buenos Aires \u00aba precios m\u00e1s bajos de los acordados\u00bb.<\/p>\n<p>Tambi\u00e9n present\u00f3 un nuevo acuerdo de precios con empresa alimenticias que forman parte de la Copal, sobre 120 productos de la canasta b\u00e1sica para comercios de cercan\u00eda o barriales, y cuyos precios sugeridos van a estar impresos en los envases con una vigencia de 180 d\u00edas.<\/p>\n<p>Este entendimiento que complementar\u00e1 el programa Precios Cuidados abarcar\u00e1 los segmentos de alimentos, bebidas e higiene personal, con el aporte de las empresas m\u00e1s grandes del sector, por disponibilidad log\u00edstica, a la que se ir\u00e1n sumando medianas y peque\u00f1as productoras.<\/p>\n<p>\u00abPrecios Cuidados mostr\u00f3 su efectividad en las grandes superficies que explican un 33% del consumo total del pa\u00eds. Con esta nueva herramienta vamos a trabajar para llegar desde junio a los comercios de proximidad y barrial con una canasta de 120 productos b\u00e1sicos de consumo\u00bb, explic\u00f3.<\/p>\n<p>Finalmente, Kulfas resalt\u00f3 la puesta en marcha del programa piloto para la comercializaci\u00f3n de frutas y verduras mediante el Mercado Federal Ambulante \u00abpara ofrecer alimentos frescos a precios accesibles, eliminando m\u00e1rgenes de intermediaci\u00f3n de entre un 30% a 40 % mas baratos que los precios minoristas\u00bb.<\/p>\n<p>Se tara de la venta de bolsones de hortalizas de 5 kilos que se podr\u00e1n conseguir a 140 pesos y de verduras, tambi\u00e9n de 5 kilos, a 290 pesos, que se podr\u00e1n adquirir en una primera etapa en distritos del Gran Buenos Aires, para luego trasladar la experiencia a todo el pa\u00eds.<\/p>\n","protected":false},"excerpt":{"rendered":"<p>El Gobierno nacional anunci\u00f3 un conjunto de acuerdos de precios para cortes de carnes, frutas y verduras a valores econ\u00f3micos, y para conformar una canasta de 120 productos alimenticios, bebidas y art\u00edculos de higiene personal para los comercios de cercan\u00eda o barriales. As\u00ed lo present\u00f3 el ministro de Desarrollo Productivo, Mat\u00edas Kulfas, al participar del [&hellip;]<\/p>\n","protected":false},"author":3,"featured_media":76210,"comment_status":"closed","ping_status":"closed","sticky":false,"template":"","format":"standard","meta":{"footnotes":""},"categories":[4],"tags":[],"class_list":{"0":"post-76209","1":"post","2":"type-post","3":"status-publish","4":"format-standard","5":"has-post-thumbnail","7":"category-actualidad"},"_links":{"self":[{"href":"https:\/\/primicias2262.com\/noticias\/wp-json\/wp\/v2\/posts\/76209","targetHints":{"allow":["GET"]}}],"collection":[{"href":"https:\/\/primicias2262.com\/noticias\/wp-json\/wp\/v2\/posts"}],"about":[{"href":"https:\/\/primicias2262.com\/noticias\/wp-json\/wp\/v2\/types\/post"}],"author":[{"embeddable":true,"href":"https:\/\/primicias2262.com\/noticias\/wp-json\/wp\/v2\/users\/3"}],"replies":[{"embeddable":true,"href":"https:\/\/primicias2262.com\/noticias\/wp-json\/wp\/v2\/comments?post=76209"}],"version-history":[{"count":0,"href":"https:\/\/primicias2262.com\/noticias\/wp-json\/wp\/v2\/posts\/76209\/revisions"}],"wp:featuredmedia":[{"embeddable":true,"href":"https:\/\/primicias2262.com\/noticias\/wp-json\/"}],"wp:attachment":[{"href":"https:\/\/primicias2262.com\/noticias\/wp-json\/wp\/v2\/media?parent=76209"}],"wp:term":[{"taxonomy":"category","embeddable":true,"href":"https:\/\/primicias2262.com\/noticias\/wp-json\/wp\/v2\/categories?post=76209"},{"taxonomy":"post_tag","embeddable":true,"href":"https:\/\/primicias2262.com\/noticias\/wp-json\/wp\/v2\/tags?post=76209"}],"curies":[{"name":"wp","href":"https:\/\/api.w.org\/{rel}","templated":true}]}}