{"id":77364,"date":"2021-05-04T18:02:47","date_gmt":"2021-05-04T21:02:47","guid":{"rendered":"https:\/\/primicias2262.com\/?p=77364"},"modified":"2021-05-04T18:02:47","modified_gmt":"2021-05-04T21:02:47","slug":"se-completo-el-sector-covid-del-hospital-ferreyra-y-detectaron-72-nuevos-casos-positivos","status":"publish","type":"post","link":"https:\/\/primicias2262.com\/noticias\/se-completo-el-sector-covid-del-hospital-ferreyra-y-detectaron-72-nuevos-casos-positivos\/","title":{"rendered":"Se complet\u00f3 el sector Covid del Hospital Ferreyra y detectaron 72 nuevos casos positivos"},"content":{"rendered":"<p>El sector Covid del Hospital Municipal \u00abDr. Emilio Ferreyra\u00bb est\u00e1 totalmente ocupado, tanto sus camas cr\u00edticas como la sala general donde se agregaron m\u00e1s plazas (ahora son 41), mientras que este viernes se detectaron 72 nuevos contagiados, la menor cifra en las \u00faltimas tres semanas, y con igual n\u00famero de pacientes recuperados la cantidad de casos activos en el distrito se mantiene en 2.115.<\/p>\n<p>Son 8 las personas que reciben asistencia respiratoria mec\u00e1nica y la buena noticia del d\u00eda es que sobre un total de 193 testeos la positividad cay\u00f3 al 33,6 por ciento, pese a que contin\u00faa siendo una cifra muy elevada.<\/p>\n<p>Otro dato positivo es que siguen cayendo los casos activos en La Dulce (ahora son 33), localidad que tuvo un importante brote a partir de la semana pasada. En Juan N Fern\u00e1ndez hay 16, en Claraz 2 y en Ram\u00f3n Santamarina 1 contagiado.<\/p>\n<p>Son 4.036 las personas que se encuentran aisladas en todo el distrito de Necochea, donde se han detectado 11.845 casos desde que comenz\u00f3 la pandemia, con 9.582 pacientes recuperados y 148 fallecidos.<\/p>\n<p><img loading=\"lazy\" decoding=\"async\" class=\"aligncenter size-full wp-image-77365\" src=\"https:\/\/primicias2262.com\/wp-content\/uploads\/2021\/06\/WhatsApp-Image-2021-06-04-at-17.14.11.jpeg\" alt=\"\" width=\"1280\" height=\"819\" \/><\/p>\n<p>&nbsp;<\/p>\n","protected":false},"excerpt":{"rendered":"<p>El sector Covid del Hospital Municipal \u00abDr. Emilio Ferreyra\u00bb est\u00e1 totalmente ocupado, tanto sus camas cr\u00edticas como la sala general donde se agregaron m\u00e1s plazas (ahora son 41), mientras que este viernes se detectaron 72 nuevos contagiados, la menor cifra en las \u00faltimas tres semanas, y con igual n\u00famero de pacientes recuperados la cantidad de [&hellip;]<\/p>\n","protected":false},"author":3,"featured_media":76618,"comment_status":"closed","ping_status":"closed","sticky":false,"template":"","format":"standard","meta":{"footnotes":""},"categories":[3],"tags":[],"class_list":{"0":"post-77364","1":"post","2":"type-post","3":"status-publish","4":"format-standard","5":"has-post-thumbnail","7":"category-masnoticias"},"_links":{"self":[{"href":"https:\/\/primicias2262.com\/noticias\/wp-json\/wp\/v2\/posts\/77364","targetHints":{"allow":["GET"]}}],"collection":[{"href":"https:\/\/primicias2262.com\/noticias\/wp-json\/wp\/v2\/posts"}],"about":[{"href":"https:\/\/primicias2262.com\/noticias\/wp-json\/wp\/v2\/types\/post"}],"author":[{"embeddable":true,"href":"https:\/\/primicias2262.com\/noticias\/wp-json\/wp\/v2\/users\/3"}],"replies":[{"embeddable":true,"href":"https:\/\/primicias2262.com\/noticias\/wp-json\/wp\/v2\/comments?post=77364"}],"version-history":[{"count":0,"href":"https:\/\/primicias2262.com\/noticias\/wp-json\/wp\/v2\/posts\/77364\/revisions"}],"wp:featuredmedia":[{"embeddable":true,"href":"https:\/\/primicias2262.com\/noticias\/wp-json\/"}],"wp:attachment":[{"href":"https:\/\/primicias2262.com\/noticias\/wp-json\/wp\/v2\/media?parent=77364"}],"wp:term":[{"taxonomy":"category","embeddable":true,"href":"https:\/\/primicias2262.com\/noticias\/wp-json\/wp\/v2\/categories?post=77364"},{"taxonomy":"post_tag","embeddable":true,"href":"https:\/\/primicias2262.com\/noticias\/wp-json\/wp\/v2\/tags?post=77364"}],"curies":[{"name":"wp","href":"https:\/\/api.w.org\/{rel}","templated":true}]}}