{"id":77453,"date":"2021-05-06T19:55:34","date_gmt":"2021-05-06T22:55:34","guid":{"rendered":"https:\/\/primicias2262.com\/?p=77453"},"modified":"2021-05-06T19:55:34","modified_gmt":"2021-05-06T22:55:34","slug":"dos-fallecidos-menos-positividad-en-los-testos-y-se-descomprime-la-sala-covid-del-hospital","status":"publish","type":"post","link":"https:\/\/primicias2262.com\/noticias\/dos-fallecidos-menos-positividad-en-los-testos-y-se-descomprime-la-sala-covid-del-hospital\/","title":{"rendered":"Dos fallecidos, menos positividad en los testos y se descomprime la sala Covid del hospital"},"content":{"rendered":"<p>La s\u00edntesis del informe Covid de este domingo es que otros dos pacientes fallecieron, se descomprimi\u00f3 la ocupaci\u00f3n de camas en el Hospital Municipal \u00abDr. Emilio Ferreyra\u00bb y que s\u00f3lo se detectaron 80 contagios sobre 329 testos, con 24,3 por ciento.<\/p>\n<p>La cifra de v\u00edctimas fatales desde que comenz\u00f3 la pandemia lleg\u00f3 a 150, en tanto que los casos activos de coronavirus totalizan 2.161, de los cuales 2.113 se localizan en Necochea y Quequ\u00e9n, 27 en La Dulce, 18 en Juan N. Fern\u00e1ndez, 2 en Claraz y 1 en Ram\u00f3n Santamarina.<\/p>\n<p>En el sector Covid del nosocomio local hay 41 pacientes internados, con una ocupaci\u00f3n del 88,89% de cuidados cr\u00edticos y del 80,49% en la sala general, una cifra muy alta pero que mejora lentamente las estad\u00edsticas de hace dos d\u00edas atr\u00e1s.<\/p>\n<p><strong>TESTOS EN VILLA DEL DEPORTISTA<\/strong><\/p>\n<div class=\"wp-block-media-text alignwide is-stacked-on-mobile is-vertically-aligned-center\">\n<div class=\"wp-block-media-text__content\">\n<p>En tanto, este domingo la Secretar\u00eda de Salud y la Cruz Roja realizaron una nueva campa\u00f1a de testeos r\u00e1pidos y masivos en la plaza de Villa del Deportista, con un resultado final de 32 positivos y 163 negativos.<\/p>\n<p>Durante la jornada, el municipio se hizo presente a trav\u00e9s de la secretaria de Salud, Ruth Kalle, y su par de Gobierno, Jorge Mart\u00ednez, quienes en representaci\u00f3n del intendente Arturo Rojas, y junto al subsecretario de Emergencias y Desastres de la asociaci\u00f3n civil humanitaria, Cristian Bolado,\u00a0 supervisaron los testeos.<\/p>\n<\/div>\n<\/div>\n<p>En definitiva, y seg\u00fan los datos arrojados, se hisoparon 195 vecinos, cuyo resultado positivo fue del 16%.<\/p>\n<p><img loading=\"lazy\" decoding=\"async\" class=\"aligncenter size-full wp-image-77454\" src=\"https:\/\/primicias2262.com\/wp-content\/uploads\/2021\/06\/WhatsApp-Image-2021-06-06-at-19.40.49.jpeg\" alt=\"\" width=\"1280\" height=\"819\" \/><\/p>\n","protected":false},"excerpt":{"rendered":"<p>La s\u00edntesis del informe Covid de este domingo es que otros dos pacientes fallecieron, se descomprimi\u00f3 la ocupaci\u00f3n de camas en el Hospital Municipal \u00abDr. Emilio Ferreyra\u00bb y que s\u00f3lo se detectaron 80 contagios sobre 329 testos, con 24,3 por ciento. La cifra de v\u00edctimas fatales desde que comenz\u00f3 la pandemia lleg\u00f3 a 150, en [&hellip;]<\/p>\n","protected":false},"author":3,"featured_media":77272,"comment_status":"closed","ping_status":"closed","sticky":false,"template":"","format":"standard","meta":{"footnotes":""},"categories":[3],"tags":[],"class_list":{"0":"post-77453","1":"post","2":"type-post","3":"status-publish","4":"format-standard","5":"has-post-thumbnail","7":"category-masnoticias"},"_links":{"self":[{"href":"https:\/\/primicias2262.com\/noticias\/wp-json\/wp\/v2\/posts\/77453","targetHints":{"allow":["GET"]}}],"collection":[{"href":"https:\/\/primicias2262.com\/noticias\/wp-json\/wp\/v2\/posts"}],"about":[{"href":"https:\/\/primicias2262.com\/noticias\/wp-json\/wp\/v2\/types\/post"}],"author":[{"embeddable":true,"href":"https:\/\/primicias2262.com\/noticias\/wp-json\/wp\/v2\/users\/3"}],"replies":[{"embeddable":true,"href":"https:\/\/primicias2262.com\/noticias\/wp-json\/wp\/v2\/comments?post=77453"}],"version-history":[{"count":0,"href":"https:\/\/primicias2262.com\/noticias\/wp-json\/wp\/v2\/posts\/77453\/revisions"}],"wp:featuredmedia":[{"embeddable":true,"href":"https:\/\/primicias2262.com\/noticias\/wp-json\/"}],"wp:attachment":[{"href":"https:\/\/primicias2262.com\/noticias\/wp-json\/wp\/v2\/media?parent=77453"}],"wp:term":[{"taxonomy":"category","embeddable":true,"href":"https:\/\/primicias2262.com\/noticias\/wp-json\/wp\/v2\/categories?post=77453"},{"taxonomy":"post_tag","embeddable":true,"href":"https:\/\/primicias2262.com\/noticias\/wp-json\/wp\/v2\/tags?post=77453"}],"curies":[{"name":"wp","href":"https:\/\/api.w.org\/{rel}","templated":true}]}}