{"id":78842,"date":"2021-07-07T11:45:37","date_gmt":"2021-07-07T14:45:37","guid":{"rendered":"https:\/\/primicias2262.com\/?p=78842"},"modified":"2021-07-07T11:45:37","modified_gmt":"2021-07-07T14:45:37","slug":"ya-esta-en-vigencia-la-ley-de-zona-fria-y-habra-importantes-descuentos-en-las-tarifas-de-gas","status":"publish","type":"post","link":"https:\/\/primicias2262.com\/noticias\/ya-esta-en-vigencia-la-ley-de-zona-fria-y-habra-importantes-descuentos-en-las-tarifas-de-gas\/","title":{"rendered":"Ya est\u00e1 en vigencia la ley de Zona Fr\u00eda y habr\u00e1 importantes descuentos en las tarifas de gas"},"content":{"rendered":"<p>Con su publicaci\u00f3n en el Bolet\u00edn Oficial ya est\u00e1 vigencia la ley 27.637 que ampl\u00eda el Regimen de Zona Fr\u00eda a un importante universo de usuarios del servicio de gas natural, que ser\u00e1n beneficiados <strong>con descuentos del 30 al 50 por ciento en las tarifas que abonan actualmente.<\/strong><\/p>\n<p><strong>Entre esos usuarios est\u00e1n incluidos todos los de Necochea<\/strong>, que es uno de los distritos que se sum\u00f3 a la Zona Fr\u00eda junto a lo de la Costa Atl\u00e1ntica, subzonas del sur de la provincia de Buenos Aires, y las provincias de La Rioja, C\u00f3rdoba, Santa Fe, San Luis y San Juan. Tambi\u00e9n se a\u00f1adir\u00e1n municipios de jurisdicciones que ya formaban parte del beneficio pero que ampliar\u00e1n sustancialmente la cantidad de usuarios y usuarias alcanzados. Casos emblema son los de Buenos Aires, Mendoza y Salta.<\/p>\n<p>El beneficio consiste en un descuento en la factura de gas que va de 30% a 50% seg\u00fan el grado de vulnerabilidad econ\u00f3mica del beneficiario\/a. <strong>De los 3,1 millones de usuarios agregados al Regimen, 2,8 millones ser\u00e1n nuevos usuarios de Tarifa Diferencial (descuento del 30%) y 373.871 usuarios de la Tarifa Social recibir\u00e1n tambi\u00e9n la Tarifa Diferencial (descuento del 50%).<\/strong> Por su parte, los 849.965 beneficiarios actuales conservar\u00e1n la bonificaci\u00f3n del 50% en su factura del gas.<\/p>\n<p>Hasta ahora, la \u00abZona Fr\u00eda\u00bb solo alcanzaba a 849.965 usuarios residentes de las \u00e1reas bioclim\u00e1ticas de Tierra del Fuego, Ant\u00e1rtida e Islas del Atl\u00e1ntico Sur, Santa Cruz, Chubut, R\u00edo Negro, Neuqu\u00e9n y La Pampa. Asimismo, cubr\u00eda una parte marginal de Buenos Aires, el corredor cordillerano de La Puna y la ciudad de Malarg\u00fce, en Mendoza. Con la nueva ley se sumar\u00e1n m\u00e1s de 2,2 millones de usuarios.<\/p>\n<p>El Regimen de Zona Fr\u00eda se autofinancia con un recargo cobrado en uno de los componentes de la factura (precio del gas en el PIST) que no puede superar el 7,5%. Actualmente el nivel del recargo se ubica en 4,46% y se estima que para este a\u00f1o suba a 5,44%. Esto implicar\u00eda un m\u00ednimo impacto (0,5% por factura, en promedio) en la factura residencial media que se traducir\u00e1 en un aumento de entre 6 y 8 pesos.<\/p>\n<p>&nbsp;<\/p>\n","protected":false},"excerpt":{"rendered":"<p>Con su publicaci\u00f3n en el Bolet\u00edn Oficial ya est\u00e1 vigencia la ley 27.637 que ampl\u00eda el Regimen de Zona Fr\u00eda a un importante universo de usuarios del servicio de gas natural, que ser\u00e1n beneficiados con descuentos del 30 al 50 por ciento en las tarifas que abonan actualmente. Entre esos usuarios est\u00e1n incluidos todos los [&hellip;]<\/p>\n","protected":false},"author":3,"featured_media":78844,"comment_status":"closed","ping_status":"closed","sticky":false,"template":"","format":"standard","meta":{"footnotes":""},"categories":[6],"tags":[],"class_list":{"0":"post-78842","1":"post","2":"type-post","3":"status-publish","4":"format-standard","5":"has-post-thumbnail","7":"category-portada2"},"_links":{"self":[{"href":"https:\/\/primicias2262.com\/noticias\/wp-json\/wp\/v2\/posts\/78842","targetHints":{"allow":["GET"]}}],"collection":[{"href":"https:\/\/primicias2262.com\/noticias\/wp-json\/wp\/v2\/posts"}],"about":[{"href":"https:\/\/primicias2262.com\/noticias\/wp-json\/wp\/v2\/types\/post"}],"author":[{"embeddable":true,"href":"https:\/\/primicias2262.com\/noticias\/wp-json\/wp\/v2\/users\/3"}],"replies":[{"embeddable":true,"href":"https:\/\/primicias2262.com\/noticias\/wp-json\/wp\/v2\/comments?post=78842"}],"version-history":[{"count":0,"href":"https:\/\/primicias2262.com\/noticias\/wp-json\/wp\/v2\/posts\/78842\/revisions"}],"wp:featuredmedia":[{"embeddable":true,"href":"https:\/\/primicias2262.com\/noticias\/wp-json\/"}],"wp:attachment":[{"href":"https:\/\/primicias2262.com\/noticias\/wp-json\/wp\/v2\/media?parent=78842"}],"wp:term":[{"taxonomy":"category","embeddable":true,"href":"https:\/\/primicias2262.com\/noticias\/wp-json\/wp\/v2\/categories?post=78842"},{"taxonomy":"post_tag","embeddable":true,"href":"https:\/\/primicias2262.com\/noticias\/wp-json\/wp\/v2\/tags?post=78842"}],"curies":[{"name":"wp","href":"https:\/\/api.w.org\/{rel}","templated":true}]}}