{"id":79256,"date":"2021-07-16T12:47:38","date_gmt":"2021-07-16T15:47:38","guid":{"rendered":"https:\/\/primicias2262.com\/?p=79256"},"modified":"2021-07-16T12:47:38","modified_gmt":"2021-07-16T15:47:38","slug":"el-tano-cafiel-y-otro-acto-solidario-esta-vez-en-el-norte-argentino-y-en-favor-de-los-wichis","status":"publish","type":"post","link":"https:\/\/primicias2262.com\/noticias\/el-tano-cafiel-y-otro-acto-solidario-esta-vez-en-el-norte-argentino-y-en-favor-de-los-wichis\/","title":{"rendered":"El \u00abTano\u00bb Cafiel y otro acto solidario, esta vez en el Norte argentino y en favor de los wichis"},"content":{"rendered":"<p><strong>Junto a un grupo de j\u00f3venes, el profesor Norberto Cafiel viaj\u00f3 a Salta para proveer de energ\u00eda a distintas unidades que servir\u00e1n para el sustento de las comunidades ind\u00edgenas. \u201cMe llena de orgullo ver a los chicos metiendo las patas en el barro\u201d, indic\u00f3 emocionado. Adem\u00e1s, junto a Cruz Roja, realizan capacitaci\u00f3n en hisopados.<\/strong><\/p>\n<p><a href=\"https:\/\/primicias2262.com\/wp-content\/uploads\/2021\/07\/WhatsApp-Image-2021-07-14-at-20.19.49-1.jpeg\"><img loading=\"lazy\" decoding=\"async\" class=\"aligncenter size-full wp-image-79257\" src=\"https:\/\/primicias2262.com\/wp-content\/uploads\/2021\/07\/WhatsApp-Image-2021-07-14-at-20.19.49-1.jpeg\" alt=\"\" width=\"1040\" height=\"585\" \/><\/a>En comunicaci\u00f3n directa desde Rivadavia, en pleno Noroeste salte\u00f1o, Norberto \u201cTano\u201d Cafiel, acostumbrado a la formaci\u00f3n t\u00e9cnica, pero adem\u00e1s humanitaria, de estudiantes secundarios y terciarios de nuestro distrito, explic\u00f3 en el aire de \u00abVoces de la Ciudad\u00bb el nuevo emprendimiento solidario que encabeza guiando a un grupo de j\u00f3venes y junto a la Cruz Roja Argentina que consiste en el montaje de una usina solar creada hace pocos d\u00edas en nuestra ciudad.<\/p>\n<p>Cafiel cont\u00f3 que \u201chace un tiempo, a trav\u00e9s de Marcelo Bolado, quien maneja la filial Necochea de la Cruz Roja y su hijo Cristian, que est\u00e1 en La Plata en Emergentolog\u00eda, nos preguntaron si pod\u00edamos darle una mano con el tema de energ\u00eda, que en estos lugares no hay\u201d, revel\u00f3 en relaci\u00f3n a la regi\u00f3n norte\u00f1a en la que colaboran, en estos momentos, con comunidades wichis.<\/p>\n<p><a href=\"https:\/\/primicias2262.com\/wp-content\/uploads\/2021\/07\/WhatsApp-Image-2021-07-14-at-20.19.49-2.jpeg\"><img loading=\"lazy\" decoding=\"async\" class=\"alignright size-medium wp-image-79258\" src=\"https:\/\/primicias2262.com\/wp-content\/uploads\/2021\/07\/WhatsApp-Image-2021-07-14-at-20.19.49-2-300x225.jpeg\" alt=\"\" width=\"300\" height=\"225\" \/><\/a>Ocupados en la solicitud, \u201cconseguimos todos los equipos, los chicos dise\u00f1aron un sistema (en rigor una usina solar) y nos vinimos con la Cruz Roja\u201d, continu\u00f3 relatando mientras que ya \u201cla montamos y ahora est\u00e1n con sustentabilidad energ\u00e9tica en una casilla cocina, con un deposito con heladera, freezer, dispenser de agua, un dormi, dos carpas y ba\u00f1os\u201d.<\/p>\n<p>Adem\u00e1s, como parte de esta acci\u00f3n solidaria, \u201chicimos una capacitaci\u00f3n en hisopados y salimos a asistir a las comunidades que est\u00e1n m\u00e1s alejadas\u201d, una situaci\u00f3n en la que no pudo dejar de destacar el trabajo que realiza la Cruz Roja en cada lugar en el que accionan.<\/p>\n<p>Al mismo tiempo destac\u00f3 el orgullo que le provoca \u201cver a los chicos metiendo las patas en el barro\u201d, en relaci\u00f3n a Ramiro Mart\u00ednez, ex estudiante del Centro de Formaci\u00f3n Profesional N\u00b0 402), Yaco Mehring, actual alumno de esa entidad, y Guido Cafiel, cursando la carrera de arquitectura y asesor de la asociaci\u00f3n civil ECOS (Ense\u00f1anza y Construcci\u00f3n Solidaria), quienes forman parte de este proyecto al l\u00edmite de la frontera de nuestro pa\u00eds.<\/p>\n","protected":false},"excerpt":{"rendered":"<p>Junto a un grupo de j\u00f3venes, el profesor Norberto Cafiel viaj\u00f3 a Salta para proveer de energ\u00eda a distintas unidades que servir\u00e1n para el sustento de las comunidades ind\u00edgenas. \u201cMe llena de orgullo ver a los chicos metiendo las patas en el barro\u201d, indic\u00f3 emocionado. Adem\u00e1s, junto a Cruz Roja, realizan capacitaci\u00f3n en hisopados. En [&hellip;]<\/p>\n","protected":false},"author":3,"featured_media":79259,"comment_status":"closed","ping_status":"closed","sticky":false,"template":"","format":"standard","meta":{"footnotes":""},"categories":[6],"tags":[],"class_list":{"0":"post-79256","1":"post","2":"type-post","3":"status-publish","4":"format-standard","5":"has-post-thumbnail","7":"category-portada2"},"_links":{"self":[{"href":"https:\/\/primicias2262.com\/noticias\/wp-json\/wp\/v2\/posts\/79256","targetHints":{"allow":["GET"]}}],"collection":[{"href":"https:\/\/primicias2262.com\/noticias\/wp-json\/wp\/v2\/posts"}],"about":[{"href":"https:\/\/primicias2262.com\/noticias\/wp-json\/wp\/v2\/types\/post"}],"author":[{"embeddable":true,"href":"https:\/\/primicias2262.com\/noticias\/wp-json\/wp\/v2\/users\/3"}],"replies":[{"embeddable":true,"href":"https:\/\/primicias2262.com\/noticias\/wp-json\/wp\/v2\/comments?post=79256"}],"version-history":[{"count":0,"href":"https:\/\/primicias2262.com\/noticias\/wp-json\/wp\/v2\/posts\/79256\/revisions"}],"wp:featuredmedia":[{"embeddable":true,"href":"https:\/\/primicias2262.com\/noticias\/wp-json\/"}],"wp:attachment":[{"href":"https:\/\/primicias2262.com\/noticias\/wp-json\/wp\/v2\/media?parent=79256"}],"wp:term":[{"taxonomy":"category","embeddable":true,"href":"https:\/\/primicias2262.com\/noticias\/wp-json\/wp\/v2\/categories?post=79256"},{"taxonomy":"post_tag","embeddable":true,"href":"https:\/\/primicias2262.com\/noticias\/wp-json\/wp\/v2\/tags?post=79256"}],"curies":[{"name":"wp","href":"https:\/\/api.w.org\/{rel}","templated":true}]}}