{"id":79331,"date":"2021-07-12T16:44:13","date_gmt":"2021-07-12T19:44:13","guid":{"rendered":"https:\/\/primicias2262.com\/?p=79331"},"modified":"2021-07-12T16:44:13","modified_gmt":"2021-07-12T19:44:13","slug":"tc-pick-up-franco-de-benedictis-partira-en-la-final-desde-el-14-puesto","status":"publish","type":"post","link":"https:\/\/primicias2262.com\/noticias\/tc-pick-up-franco-de-benedictis-partira-en-la-final-desde-el-14-puesto\/","title":{"rendered":"TC Pick Up: Franco De Benedictis partir\u00e1 en la final desde el 14\u00b0 puesto"},"content":{"rendered":"<p>El necochense Franco De Benedictis no pudo repetir en la clasificaci\u00f3n general la impecable labor del primer entrenamiento en el que marc\u00f3 el mejor tiempo, y este domingo largar\u00e1 la final del TC Pick Up desde el 14\u00b0 puesto.<\/p>\n<p>La quinta fecha del certamen se disputar\u00e1 en el aut\u00f3dromo \u00abRoberto Mouras\u00bb de La Plata, donde Mariano Werner (Toyota) logr\u00f3 la primera posici\u00f3n, seguido por Nicol\u00e1s Pezzucchi (Nissan), Luciano Ventricelli (Ford) y Alan Ruggiero (Toyota), en los primeros lugares.<\/p>\n<p>Con 93 puntos, Franco ocupa el 7\u00b0 puesto en el torneo que tiene como l\u00edder al actual campe\u00f3n Juan Pablo Gianini con 129 unidades.<\/p>\n","protected":false},"excerpt":{"rendered":"<p>El necochense Franco De Benedictis no pudo repetir en la clasificaci\u00f3n general la impecable labor del primer entrenamiento en el que marc\u00f3 el mejor tiempo, y este domingo largar\u00e1 la final del TC Pick Up desde el 14\u00b0 puesto. La quinta fecha del certamen se disputar\u00e1 en el aut\u00f3dromo \u00abRoberto Mouras\u00bb de La Plata, donde [&hellip;]<\/p>\n","protected":false},"author":3,"featured_media":79332,"comment_status":"closed","ping_status":"closed","sticky":false,"template":"","format":"standard","meta":{"footnotes":""},"categories":[5],"tags":[],"class_list":{"0":"post-79331","1":"post","2":"type-post","3":"status-publish","4":"format-standard","5":"has-post-thumbnail","7":"category-neco"},"_links":{"self":[{"href":"https:\/\/primicias2262.com\/noticias\/wp-json\/wp\/v2\/posts\/79331","targetHints":{"allow":["GET"]}}],"collection":[{"href":"https:\/\/primicias2262.com\/noticias\/wp-json\/wp\/v2\/posts"}],"about":[{"href":"https:\/\/primicias2262.com\/noticias\/wp-json\/wp\/v2\/types\/post"}],"author":[{"embeddable":true,"href":"https:\/\/primicias2262.com\/noticias\/wp-json\/wp\/v2\/users\/3"}],"replies":[{"embeddable":true,"href":"https:\/\/primicias2262.com\/noticias\/wp-json\/wp\/v2\/comments?post=79331"}],"version-history":[{"count":0,"href":"https:\/\/primicias2262.com\/noticias\/wp-json\/wp\/v2\/posts\/79331\/revisions"}],"wp:featuredmedia":[{"embeddable":true,"href":"https:\/\/primicias2262.com\/noticias\/wp-json\/"}],"wp:attachment":[{"href":"https:\/\/primicias2262.com\/noticias\/wp-json\/wp\/v2\/media?parent=79331"}],"wp:term":[{"taxonomy":"category","embeddable":true,"href":"https:\/\/primicias2262.com\/noticias\/wp-json\/wp\/v2\/categories?post=79331"},{"taxonomy":"post_tag","embeddable":true,"href":"https:\/\/primicias2262.com\/noticias\/wp-json\/wp\/v2\/tags?post=79331"}],"curies":[{"name":"wp","href":"https:\/\/api.w.org\/{rel}","templated":true}]}}