{"id":80018,"date":"2021-07-31T17:42:28","date_gmt":"2021-07-31T20:42:28","guid":{"rendered":"https:\/\/primicias2262.com\/?p=80018"},"modified":"2021-07-31T17:42:28","modified_gmt":"2021-07-31T20:42:28","slug":"ahora-totalizan-114-los-casos-activos-de-covid-en-todo-el-distrito","status":"publish","type":"post","link":"https:\/\/primicias2262.com\/noticias\/ahora-totalizan-114-los-casos-activos-de-covid-en-todo-el-distrito\/","title":{"rendered":"Ahora totalizan 114 los casos activos de Covid en todo el distrito"},"content":{"rendered":"<p>Este s\u00e1bado se reportaron 18 nuevos casos positivos de coronavirus en Necochea, en tanto que 14 pacientes recibieron el alta m\u00e9dica y ahora los casos activos totalizan 114 en todo el distrito.<\/p>\n<p>Ahora son 4 los pacientes internados en el sector Covid del Hospital Municipal \u00abDr. Emilio Ferreyra\u00bb, mientras que son 2 las personas internadas en la sala general.<\/p>\n<p>Suman 671 los vecinos que cumplen el aislamiento preventivo y obligatorio, al tiempo que en el interior del distrito son s\u00f3lo 2 los casos activos: 1 en Juan N. Fern\u00e1ndez y 1 en Ram\u00f3n Santamarina.<\/p>\n","protected":false},"excerpt":{"rendered":"<p>Este s\u00e1bado se reportaron 18 nuevos casos positivos de coronavirus en Necochea, en tanto que 14 pacientes recibieron el alta m\u00e9dica y ahora los casos activos totalizan 114 en todo el distrito. Ahora son 4 los pacientes internados en el sector Covid del Hospital Municipal \u00abDr. Emilio Ferreyra\u00bb, mientras que son 2 las personas internadas [&hellip;]<\/p>\n","protected":false},"author":3,"featured_media":80019,"comment_status":"closed","ping_status":"closed","sticky":false,"template":"","format":"standard","meta":{"footnotes":""},"categories":[5],"tags":[],"class_list":{"0":"post-80018","1":"post","2":"type-post","3":"status-publish","4":"format-standard","5":"has-post-thumbnail","7":"category-neco"},"_links":{"self":[{"href":"https:\/\/primicias2262.com\/noticias\/wp-json\/wp\/v2\/posts\/80018","targetHints":{"allow":["GET"]}}],"collection":[{"href":"https:\/\/primicias2262.com\/noticias\/wp-json\/wp\/v2\/posts"}],"about":[{"href":"https:\/\/primicias2262.com\/noticias\/wp-json\/wp\/v2\/types\/post"}],"author":[{"embeddable":true,"href":"https:\/\/primicias2262.com\/noticias\/wp-json\/wp\/v2\/users\/3"}],"replies":[{"embeddable":true,"href":"https:\/\/primicias2262.com\/noticias\/wp-json\/wp\/v2\/comments?post=80018"}],"version-history":[{"count":0,"href":"https:\/\/primicias2262.com\/noticias\/wp-json\/wp\/v2\/posts\/80018\/revisions"}],"wp:featuredmedia":[{"embeddable":true,"href":"https:\/\/primicias2262.com\/noticias\/wp-json\/"}],"wp:attachment":[{"href":"https:\/\/primicias2262.com\/noticias\/wp-json\/wp\/v2\/media?parent=80018"}],"wp:term":[{"taxonomy":"category","embeddable":true,"href":"https:\/\/primicias2262.com\/noticias\/wp-json\/wp\/v2\/categories?post=80018"},{"taxonomy":"post_tag","embeddable":true,"href":"https:\/\/primicias2262.com\/noticias\/wp-json\/wp\/v2\/tags?post=80018"}],"curies":[{"name":"wp","href":"https:\/\/api.w.org\/{rel}","templated":true}]}}