{"id":80243,"date":"2021-07-05T18:41:36","date_gmt":"2021-07-05T21:41:36","guid":{"rendered":"https:\/\/primicias2262.com\/?p=80243"},"modified":"2021-07-05T18:41:36","modified_gmt":"2021-07-05T21:41:36","slug":"se-detectaron-13-nuevos-casos-de-covid-en-necochea","status":"publish","type":"post","link":"https:\/\/primicias2262.com\/noticias\/se-detectaron-13-nuevos-casos-de-covid-en-necochea\/","title":{"rendered":"Se detectaron 13 nuevos casos de Covid en Necochea"},"content":{"rendered":"<p>En una jornada en la que afortunadamente no hubo que lamentar nuevas v\u00edctimas, se registraron 13 casos positivos de coronavirus y 14 pacientes se recuperaron, por lo que la situaci\u00f3n epidemiol\u00f3gica no vari\u00f3 demasiado en el distrito de Necochea.<\/p>\n<p>Siguen siendo 7 los pacientes internados en el sector Covid del nosocomio local, 3 de ellos en Cuidados Cr\u00edticos y 4 en la sala general, siendo 2 los que reciben asistencia respiratoria mec\u00e1nica.<\/p>\n<p>Son 651 los vecinos que cumplen el aislamiento obligatorio y 205 los pacientes fallecidos desde que comenz\u00f3 la pandemia.<\/p>\n","protected":false},"excerpt":{"rendered":"<p>En una jornada en la que afortunadamente no hubo que lamentar nuevas v\u00edctimas, se registraron 13 casos positivos de coronavirus y 14 pacientes se recuperaron, por lo que la situaci\u00f3n epidemiol\u00f3gica no vari\u00f3 demasiado en el distrito de Necochea. Siguen siendo 7 los pacientes internados en el sector Covid del nosocomio local, 3 de ellos [&hellip;]<\/p>\n","protected":false},"author":3,"featured_media":80244,"comment_status":"closed","ping_status":"closed","sticky":false,"template":"","format":"standard","meta":{"footnotes":""},"categories":[5],"tags":[],"class_list":{"0":"post-80243","1":"post","2":"type-post","3":"status-publish","4":"format-standard","5":"has-post-thumbnail","7":"category-neco"},"_links":{"self":[{"href":"https:\/\/primicias2262.com\/noticias\/wp-json\/wp\/v2\/posts\/80243","targetHints":{"allow":["GET"]}}],"collection":[{"href":"https:\/\/primicias2262.com\/noticias\/wp-json\/wp\/v2\/posts"}],"about":[{"href":"https:\/\/primicias2262.com\/noticias\/wp-json\/wp\/v2\/types\/post"}],"author":[{"embeddable":true,"href":"https:\/\/primicias2262.com\/noticias\/wp-json\/wp\/v2\/users\/3"}],"replies":[{"embeddable":true,"href":"https:\/\/primicias2262.com\/noticias\/wp-json\/wp\/v2\/comments?post=80243"}],"version-history":[{"count":0,"href":"https:\/\/primicias2262.com\/noticias\/wp-json\/wp\/v2\/posts\/80243\/revisions"}],"wp:featuredmedia":[{"embeddable":true,"href":"https:\/\/primicias2262.com\/noticias\/wp-json\/"}],"wp:attachment":[{"href":"https:\/\/primicias2262.com\/noticias\/wp-json\/wp\/v2\/media?parent=80243"}],"wp:term":[{"taxonomy":"category","embeddable":true,"href":"https:\/\/primicias2262.com\/noticias\/wp-json\/wp\/v2\/categories?post=80243"},{"taxonomy":"post_tag","embeddable":true,"href":"https:\/\/primicias2262.com\/noticias\/wp-json\/wp\/v2\/tags?post=80243"}],"curies":[{"name":"wp","href":"https:\/\/api.w.org\/{rel}","templated":true}]}}