{"id":80726,"date":"2021-07-17T18:58:25","date_gmt":"2021-07-17T21:58:25","guid":{"rendered":"https:\/\/primicias2262.com\/?p=80726"},"modified":"2021-07-17T18:58:25","modified_gmt":"2021-07-17T21:58:25","slug":"bajan-los-casos-activos-en-necochea-pero-se-registro-otro-fallecimiento","status":"publish","type":"post","link":"https:\/\/primicias2262.com\/noticias\/bajan-los-casos-activos-en-necochea-pero-se-registro-otro-fallecimiento\/","title":{"rendered":"Bajan los casos activos en Necochea, pero se registr\u00f3 otro fallecimiento"},"content":{"rendered":"<p>Este martes se conoci\u00f3 el fallecimiento de otro paciente por Covid y desde que comenz\u00f3 la pandemia ya suman 212 las v\u00edctimas fatales, en tanto volvi\u00f3 a registrarse una baja de los casos activos en nuestro distrito.<\/p>\n<p>En efecto, se detectaron 3 casos positivos y 10 personas fueron dadas de alta por lo que la cantidad de casos activos totalizan 67, al tiempo que ahora son s\u00f3lo 3 los pacientes internados en el Hospital Municipal \u00abDr. Emilio Ferreyra\u00bb.<\/p>\n<p>&nbsp;<\/p>\n","protected":false},"excerpt":{"rendered":"<p>Este martes se conoci\u00f3 el fallecimiento de otro paciente por Covid y desde que comenz\u00f3 la pandemia ya suman 212 las v\u00edctimas fatales, en tanto volvi\u00f3 a registrarse una baja de los casos activos en nuestro distrito. En efecto, se detectaron 3 casos positivos y 10 personas fueron dadas de alta por lo que la [&hellip;]<\/p>\n","protected":false},"author":3,"featured_media":80728,"comment_status":"closed","ping_status":"closed","sticky":false,"template":"","format":"standard","meta":{"footnotes":""},"categories":[5],"tags":[],"class_list":{"0":"post-80726","1":"post","2":"type-post","3":"status-publish","4":"format-standard","5":"has-post-thumbnail","7":"category-neco"},"_links":{"self":[{"href":"https:\/\/primicias2262.com\/noticias\/wp-json\/wp\/v2\/posts\/80726","targetHints":{"allow":["GET"]}}],"collection":[{"href":"https:\/\/primicias2262.com\/noticias\/wp-json\/wp\/v2\/posts"}],"about":[{"href":"https:\/\/primicias2262.com\/noticias\/wp-json\/wp\/v2\/types\/post"}],"author":[{"embeddable":true,"href":"https:\/\/primicias2262.com\/noticias\/wp-json\/wp\/v2\/users\/3"}],"replies":[{"embeddable":true,"href":"https:\/\/primicias2262.com\/noticias\/wp-json\/wp\/v2\/comments?post=80726"}],"version-history":[{"count":0,"href":"https:\/\/primicias2262.com\/noticias\/wp-json\/wp\/v2\/posts\/80726\/revisions"}],"wp:featuredmedia":[{"embeddable":true,"href":"https:\/\/primicias2262.com\/noticias\/wp-json\/"}],"wp:attachment":[{"href":"https:\/\/primicias2262.com\/noticias\/wp-json\/wp\/v2\/media?parent=80726"}],"wp:term":[{"taxonomy":"category","embeddable":true,"href":"https:\/\/primicias2262.com\/noticias\/wp-json\/wp\/v2\/categories?post=80726"},{"taxonomy":"post_tag","embeddable":true,"href":"https:\/\/primicias2262.com\/noticias\/wp-json\/wp\/v2\/tags?post=80726"}],"curies":[{"name":"wp","href":"https:\/\/api.w.org\/{rel}","templated":true}]}}