{"id":80874,"date":"2021-08-21T15:26:31","date_gmt":"2021-08-21T18:26:31","guid":{"rendered":"https:\/\/primicias2262.com\/?p=80874"},"modified":"2021-08-21T15:26:31","modified_gmt":"2021-08-21T18:26:31","slug":"comenzo-el-recambio-de-luminarias-en-las-principales-avenidas-de-necochea-y-quequen","status":"publish","type":"post","link":"https:\/\/primicias2262.com\/noticias\/comenzo-el-recambio-de-luminarias-en-las-principales-avenidas-de-necochea-y-quequen\/","title":{"rendered":"Comenz\u00f3 el recambio de luminarias en las principales avenidas de Necochea y Quequ\u00e9n"},"content":{"rendered":"<p>El director de Planeamiento Energ\u00e9tico de la comuna, Hugo Elguero, precis\u00f3 que \u201ceste viernes comenz\u00f3 la ejecuci\u00f3n de los contratos previstos a trav\u00e9s del FIM (Fondo de Infraestructura Municipal), sobre Av. 10, donde se va a hacer el \u00e1rea desde 99 o rotonda de Pinolandia hasta calle 89, y posteriormente se van a continuar los trabajos en la Av. Benedicto Campos de Quequ\u00e9n\u201d.<\/p>\n<div class=\"wp-block-media-text alignwide is-stacked-on-mobile\">\n<div class=\"wp-block-media-text__content\">\n<p>En tal sentido, el funcionario especific\u00f3 que \u201cel FIM abarca todo lo que son las principales avenidas: 59, 10, Pinolandia y 2, desde la rotonda con Pinolandia hasta calle 71; Av. 79, Diagonal San Mart\u00edn y Av. 74, desde 42 hasta Av. 2\u201d; como as\u00ed tambi\u00e9n en Quequ\u00e9n, \u201cen la salida del Puente Dardo Rocha por calle 554 (algunas cuadras que estaban sin iluminar) y toda la Av. Benedicto Campos y 578\u201d.<\/p>\n<p>En ese marco, Elguero aprovech\u00f3 para destacar el avance de la iluminaci\u00f3n LED en el resto de las localidades del distrito, a partir de los convenios firmados con las cooperativas el\u00e9ctricas.<\/p>\n<\/div>\n<\/div>\n<p>\u201cSigue avanzando a su vez el recambio de luminarias en Juan N. Fern\u00e1ndez y Claraz, donde ya han sido terminadas de montar 30 luminarias LED que estaban previstas para Claraz, al tiempo que se contin\u00faa en Fern\u00e1ndez y el pr\u00f3ximo lunes van a comenzar los trabajos de recambio de 42 luminarias en La Dulce, igual cantidad que en J.N. Fern\u00e1ndez\u201d, especific\u00f3.<\/p>\n","protected":false},"excerpt":{"rendered":"<p>El director de Planeamiento Energ\u00e9tico de la comuna, Hugo Elguero, precis\u00f3 que \u201ceste viernes comenz\u00f3 la ejecuci\u00f3n de los contratos previstos a trav\u00e9s del FIM (Fondo de Infraestructura Municipal), sobre Av. 10, donde se va a hacer el \u00e1rea desde 99 o rotonda de Pinolandia hasta calle 89, y posteriormente se van a continuar los [&hellip;]<\/p>\n","protected":false},"author":3,"featured_media":80875,"comment_status":"closed","ping_status":"closed","sticky":false,"template":"","format":"standard","meta":{"footnotes":""},"categories":[5],"tags":[],"class_list":{"0":"post-80874","1":"post","2":"type-post","3":"status-publish","4":"format-standard","5":"has-post-thumbnail","7":"category-neco"},"_links":{"self":[{"href":"https:\/\/primicias2262.com\/noticias\/wp-json\/wp\/v2\/posts\/80874","targetHints":{"allow":["GET"]}}],"collection":[{"href":"https:\/\/primicias2262.com\/noticias\/wp-json\/wp\/v2\/posts"}],"about":[{"href":"https:\/\/primicias2262.com\/noticias\/wp-json\/wp\/v2\/types\/post"}],"author":[{"embeddable":true,"href":"https:\/\/primicias2262.com\/noticias\/wp-json\/wp\/v2\/users\/3"}],"replies":[{"embeddable":true,"href":"https:\/\/primicias2262.com\/noticias\/wp-json\/wp\/v2\/comments?post=80874"}],"version-history":[{"count":0,"href":"https:\/\/primicias2262.com\/noticias\/wp-json\/wp\/v2\/posts\/80874\/revisions"}],"wp:featuredmedia":[{"embeddable":true,"href":"https:\/\/primicias2262.com\/noticias\/wp-json\/"}],"wp:attachment":[{"href":"https:\/\/primicias2262.com\/noticias\/wp-json\/wp\/v2\/media?parent=80874"}],"wp:term":[{"taxonomy":"category","embeddable":true,"href":"https:\/\/primicias2262.com\/noticias\/wp-json\/wp\/v2\/categories?post=80874"},{"taxonomy":"post_tag","embeddable":true,"href":"https:\/\/primicias2262.com\/noticias\/wp-json\/wp\/v2\/tags?post=80874"}],"curies":[{"name":"wp","href":"https:\/\/api.w.org\/{rel}","templated":true}]}}