{"id":81183,"date":"2021-08-29T15:25:51","date_gmt":"2021-08-29T18:25:51","guid":{"rendered":"https:\/\/primicias2262.com\/?p=81183"},"modified":"2021-08-29T15:25:51","modified_gmt":"2021-08-29T18:25:51","slug":"covid-en-nuestra-region-se-registra-el-nivel-mas-bajo-de-casos-activos-en-la-segunda-ola","status":"publish","type":"post","link":"https:\/\/primicias2262.com\/noticias\/covid-en-nuestra-region-se-registra-el-nivel-mas-bajo-de-casos-activos-en-la-segunda-ola\/","title":{"rendered":"Covid: en nuestra regi\u00f3n se registra el nivel m\u00e1s bajo de casos activos en la segunda ola"},"content":{"rendered":"<p><strong>La Regi\u00f3n Sanitaria VIII<\/strong>, compuesta por Necochea y otros 15 municipios,<strong> tiene un total de 1.824 casos activos de coronavirus<\/strong>, la cifra m\u00e1s baja desde que comenzara la segunda ola de la enfermedad despu\u00e9s de Semana Santa.<\/p>\n<p>El sostenido avance de la campa\u00f1a de vacunaci\u00f3n ha contribuido notoriamente para que contin\u00fae la mejor\u00eda de la situaci\u00f3n epidemiol\u00f3gica en los distritos de nuestra regi\u00f3n, tendencia que se repite en todo el territorio bonaerense.<\/p>\n<p>Los n\u00fameros contrastan con el cr\u00edtico panorama que se registraba durante los primeros d\u00edas de junio, cuando en nuestra regi\u00f3n hab\u00eda m\u00e1s de 11.000 personas contagiadas y era alt\u00edsimo el porcentaje de ocupaci\u00f3n de camas cr\u00edticas en los establecimientos sanitarios p\u00fablicos y privados.<\/p>\n<p>Nuestro distrito, que lleg\u00f3 a tener m\u00e1s de 2.100 casos activos, registr\u00f3 el descenso m\u00e1s significativo de contagios durante las \u00faltimas 12 semanas y el \u00edndice de mortalidad se mantuvo en el 1,47% sobre el total de casos positivos, muy por debajo de la media de la regi\u00f3n que es del 2,43% y que registra un total de 4.081 pacientes fallecidos desde que comenz\u00f3 la pandemia.<\/p>\n<p>General Guido es el \u00fanico de los 16 distritos que en este momento no tiene contagiados, mientras que en Lober\u00eda y General Lavalle s\u00f3lo hay 1 caso activo. En General Pueyrred\u00f3n, donde tambi\u00e9n mejora la situaci\u00f3n sanitaria hay 1.014 infectados.<\/p>\n<p>Pese a que tambi\u00e9n baja la cantidad de casos, Tandil no ha podido bajar los tres d\u00edgitos y en la actualidad tiene 217 vecinos que cursan la enfermedad. Del mismo modo, en Pinamar hay 174 contagiados.<\/p>\n<table width=\"640\">\n<tbody>\n<tr>\n<td style=\"text-align: center;\" width=\"152\"><strong>MUNICIPIOS<\/strong><\/td>\n<td style=\"text-align: center;\" width=\"123\"><strong>CASOS ACTIVOS<\/strong><\/td>\n<td style=\"text-align: center;\" width=\"131\"><strong>CASOS TOTALES<\/strong><\/td>\n<td style=\"text-align: center;\" width=\"126\"><strong>RECUPERADOS<\/strong><\/td>\n<td style=\"text-align: center;\" width=\"108\"><strong>FALLECIDOS<\/strong><\/td>\n<\/tr>\n<tr>\n<td>Ayacucho<\/td>\n<td style=\"text-align: right;\">62<\/td>\n<td style=\"text-align: right;\">3.749<\/td>\n<td style=\"text-align: right;\">3.627<\/td>\n<td style=\"text-align: right;\">60<\/td>\n<\/tr>\n<tr>\n<td>Balcarce<\/td>\n<td style=\"text-align: right;\">68<\/td>\n<td style=\"text-align: right;\">10.656<\/td>\n<td style=\"text-align: right;\">10.406<\/td>\n<td style=\"text-align: right;\">182<\/td>\n<\/tr>\n<tr>\n<td>Gral. Alvarado<\/td>\n<td style=\"text-align: right;\">48<\/td>\n<td style=\"text-align: right;\">5.323<\/td>\n<td style=\"text-align: right;\">5.159<\/td>\n<td style=\"text-align: right;\">116<\/td>\n<\/tr>\n<tr>\n<td>Gral. Guido<\/td>\n<td style=\"text-align: right;\">0<\/td>\n<td style=\"text-align: right;\">237<\/td>\n<td style=\"text-align: right;\">235<\/td>\n<td style=\"text-align: right;\">2<\/td>\n<\/tr>\n<tr>\n<td>Gral. Lavalle<\/td>\n<td style=\"text-align: right;\">1<\/td>\n<td style=\"text-align: right;\">500<\/td>\n<td style=\"text-align: right;\">493<\/td>\n<td style=\"text-align: right;\">6<\/td>\n<\/tr>\n<tr>\n<td>Gral. Madariaga<\/td>\n<td style=\"text-align: right;\">41<\/td>\n<td style=\"text-align: right;\">3.001<\/td>\n<td style=\"text-align: right;\">2.903<\/td>\n<td style=\"text-align: right;\">57<\/td>\n<\/tr>\n<tr>\n<td>Gral. Pueyrred\u00f3n<\/td>\n<td style=\"text-align: right;\">1.014<\/td>\n<td style=\"text-align: right;\">82.139<\/td>\n<td style=\"text-align: right;\">78.529<\/td>\n<td style=\"text-align: right;\">2.596<\/td>\n<\/tr>\n<tr>\n<td>Lober\u00eda<\/td>\n<td style=\"text-align: right;\">1<\/td>\n<td style=\"text-align: right;\">3.736<\/td>\n<td style=\"text-align: right;\">3.656<\/td>\n<td style=\"text-align: right;\">79<\/td>\n<\/tr>\n<tr>\n<td>Maip\u00fa<\/td>\n<td style=\"text-align: right;\">13<\/td>\n<td style=\"text-align: right;\">1.064<\/td>\n<td style=\"text-align: right;\">1.016<\/td>\n<td style=\"text-align: right;\">35<\/td>\n<\/tr>\n<tr>\n<td>Mar Chiquita<\/td>\n<td style=\"text-align: right;\">18<\/td>\n<td style=\"text-align: right;\">1.906<\/td>\n<td style=\"text-align: right;\">1.840<\/td>\n<td style=\"text-align: right;\">48<\/td>\n<\/tr>\n<tr>\n<td>Necochea<\/td>\n<td style=\"text-align: right;\">30<\/td>\n<td style=\"text-align: right;\">14.403<\/td>\n<td style=\"text-align: right;\">14.160<\/td>\n<td style=\"text-align: right;\">213<\/td>\n<\/tr>\n<tr>\n<td>Partido de la Costa<\/td>\n<td style=\"text-align: right;\">86<\/td>\n<td style=\"text-align: right;\">7.762<\/td>\n<td style=\"text-align: right;\">7.542<\/td>\n<td style=\"text-align: right;\">134<\/td>\n<\/tr>\n<tr>\n<td>Pinamar<\/td>\n<td style=\"text-align: right;\">174<\/td>\n<td style=\"text-align: right;\">6.211<\/td>\n<td style=\"text-align: right;\">5.977<\/td>\n<td style=\"text-align: right;\">60<\/td>\n<\/tr>\n<tr>\n<td>San Cayetano<\/td>\n<td style=\"text-align: right;\">3<\/td>\n<td style=\"text-align: right;\">1.983<\/td>\n<td style=\"text-align: right;\">1.033<\/td>\n<td style=\"text-align: right;\">47<\/td>\n<\/tr>\n<tr>\n<td>Tandil<\/td>\n<td style=\"text-align: right;\">217<\/td>\n<td style=\"text-align: right;\">20.825<\/td>\n<td style=\"text-align: right;\">20.201<\/td>\n<td style=\"text-align: right;\">407<\/td>\n<\/tr>\n<tr>\n<td>Villa Gesell<\/td>\n<td style=\"text-align: right;\">48<\/td>\n<td style=\"text-align: right;\">4.397<\/td>\n<td style=\"text-align: right;\">4.310<\/td>\n<td style=\"text-align: right;\">39<\/td>\n<\/tr>\n<tr>\n<td><strong>TOTALES<\/strong><\/td>\n<td style=\"text-align: right;\"><strong>1.824<\/strong><\/td>\n<td style=\"text-align: right;\"><strong>167.892<\/strong><\/td>\n<td style=\"text-align: right;\"><strong>161.087<\/strong><\/td>\n<td style=\"text-align: right;\"><strong>4.081<\/strong><\/td>\n<\/tr>\n<\/tbody>\n<\/table>\n<p>&nbsp;<\/p>\n","protected":false},"excerpt":{"rendered":"<p>La Regi\u00f3n Sanitaria VIII, compuesta por Necochea y otros 15 municipios, tiene un total de 1.824 casos activos de coronavirus, la cifra m\u00e1s baja desde que comenzara la segunda ola de la enfermedad despu\u00e9s de Semana Santa. El sostenido avance de la campa\u00f1a de vacunaci\u00f3n ha contribuido notoriamente para que contin\u00fae la mejor\u00eda de la [&hellip;]<\/p>\n","protected":false},"author":3,"featured_media":76618,"comment_status":"closed","ping_status":"closed","sticky":false,"template":"","format":"standard","meta":{"footnotes":""},"categories":[3,6],"tags":[],"class_list":{"0":"post-81183","1":"post","2":"type-post","3":"status-publish","4":"format-standard","5":"has-post-thumbnail","7":"category-masnoticias","8":"category-portada2"},"_links":{"self":[{"href":"https:\/\/primicias2262.com\/noticias\/wp-json\/wp\/v2\/posts\/81183","targetHints":{"allow":["GET"]}}],"collection":[{"href":"https:\/\/primicias2262.com\/noticias\/wp-json\/wp\/v2\/posts"}],"about":[{"href":"https:\/\/primicias2262.com\/noticias\/wp-json\/wp\/v2\/types\/post"}],"author":[{"embeddable":true,"href":"https:\/\/primicias2262.com\/noticias\/wp-json\/wp\/v2\/users\/3"}],"replies":[{"embeddable":true,"href":"https:\/\/primicias2262.com\/noticias\/wp-json\/wp\/v2\/comments?post=81183"}],"version-history":[{"count":0,"href":"https:\/\/primicias2262.com\/noticias\/wp-json\/wp\/v2\/posts\/81183\/revisions"}],"wp:featuredmedia":[{"embeddable":true,"href":"https:\/\/primicias2262.com\/noticias\/wp-json\/"}],"wp:attachment":[{"href":"https:\/\/primicias2262.com\/noticias\/wp-json\/wp\/v2\/media?parent=81183"}],"wp:term":[{"taxonomy":"category","embeddable":true,"href":"https:\/\/primicias2262.com\/noticias\/wp-json\/wp\/v2\/categories?post=81183"},{"taxonomy":"post_tag","embeddable":true,"href":"https:\/\/primicias2262.com\/noticias\/wp-json\/wp\/v2\/tags?post=81183"}],"curies":[{"name":"wp","href":"https:\/\/api.w.org\/{rel}","templated":true}]}}