{"id":81194,"date":"2021-08-29T19:09:47","date_gmt":"2021-08-29T22:09:47","guid":{"rendered":"https:\/\/primicias2262.com\/?p=81194"},"modified":"2021-08-29T19:09:47","modified_gmt":"2021-08-29T22:09:47","slug":"al-ritmo-del-folclore-la-plaza-dardo-rocha-se-visto-de-fiesta","status":"publish","type":"post","link":"https:\/\/primicias2262.com\/noticias\/al-ritmo-del-folclore-la-plaza-dardo-rocha-se-visto-de-fiesta\/","title":{"rendered":"Al ritmo del folclore, la plaza Dardo Rocha se vist\u00f3 de fiesta"},"content":{"rendered":"<p>La Plaza Dardo Rocha se visti\u00f3 de fiesta, oportunidad en la que los vecinos amante del folclore poblaron el epicentro de la misma para disfrutar de los variados n\u00fameros art\u00edsticos que puso a disposici\u00f3n gobierno municipal, que pretende darle valor al hist\u00f3rico espacio p\u00fablico cada fin de semana con variados entretenimientos.<\/p>\n<p>Mientras los artistas sub\u00edan y bajaban del escenario y se renovaban en su puesta en escena, al tiempo que mucha pareja los imitaban al pie del mismo, \u00a0la secretaria de Desarrollo Humano y Pol\u00edticas Sociales, Sandra Antenucci, declar\u00f3 con respecto a que el D\u00eda Internacional del Folclore fue el domingo 22 que \u201cla hab\u00edamos organizado para el fin de semana pasado pero por el clima que no ayud\u00f3 la hicimos hoy, y la verdad es que las familias la est\u00e1n disfrutando mucho\u201d.<\/p>\n<p>\u201cEsto es parte de lo que estamos haciendo desde la gesti\u00f3n, que es recuperar este espacio para todos los vecinos\u201d acot\u00f3 la funcionaria, para reconocer que \u201cla respuesta que tenemos por parte de la comunidad nos da m\u00e1s fuerzas para seguir con esta idea de que la plaza sea de todos\u201d.<\/p>\n<p><a href=\"https:\/\/primicias2262.com\/wp-content\/uploads\/2021\/08\/Folcore.jpeg\"><img loading=\"lazy\" decoding=\"async\" class=\"aligncenter size-large wp-image-81195\" src=\"https:\/\/primicias2262.com\/wp-content\/uploads\/2021\/08\/Folcore-1024x682.jpeg\" alt=\"\" width=\"696\" height=\"464\" \/><\/a><\/p>\n<p>En el cierre, anticip\u00f3 que \u201cvenimos trabajando en un proyecto para que cada g\u00e9nero tenga su lugar espec\u00edfico en la plaza, porque son muchos los vecinos que ac\u00e1 disfrutan y, en este caso puntual, son muchas las agrupaciones folcl\u00f3ricas que tenemos actuando\u201d.<\/p>\n<p>Por su parte, el director de Cultura, Juan Gamba, indic\u00f3 con alegr\u00eda que \u201cdesde el \u00e1rea que me toca encabezar tenemos el slogan de \u2018tom\u00e9monos de las manos y caminemos juntos\u2019, y eso es lo que nos dijo el Intendente cuando asumi\u00f3, esto de que trabajemos en equipo, que nada se puede solo, y esto de hoy es un fiel reflejo de ello\u201d.<\/p>\n<p>Y sigui\u00f3 en el anterior lineamiento: \u201cLos folcloristas se acercaron y les dimos la oportunidad de trabajar en equipo, y este es el resultado\u201d para subrayar por \u00faltimo que \u201cesto ya pas\u00f3 y ya estamos trabajando con el d\u00eda del tango, la pachanga, otro d\u00eda m\u00e1s de folclore, es decir una agenda cargada de eventos, pero en equipo porque la individualidad no existe\u201d.<\/p>\n","protected":false},"excerpt":{"rendered":"<p>La Plaza Dardo Rocha se visti\u00f3 de fiesta, oportunidad en la que los vecinos amante del folclore poblaron el epicentro de la misma para disfrutar de los variados n\u00fameros art\u00edsticos que puso a disposici\u00f3n gobierno municipal, que pretende darle valor al hist\u00f3rico espacio p\u00fablico cada fin de semana con variados entretenimientos. Mientras los artistas sub\u00edan [&hellip;]<\/p>\n","protected":false},"author":3,"featured_media":81196,"comment_status":"closed","ping_status":"closed","sticky":false,"template":"","format":"standard","meta":{"footnotes":""},"categories":[3,10,6],"tags":[],"class_list":{"0":"post-81194","1":"post","2":"type-post","3":"status-publish","4":"format-standard","5":"has-post-thumbnail","7":"category-masnoticias","8":"category-portada","9":"category-portada2"},"_links":{"self":[{"href":"https:\/\/primicias2262.com\/noticias\/wp-json\/wp\/v2\/posts\/81194","targetHints":{"allow":["GET"]}}],"collection":[{"href":"https:\/\/primicias2262.com\/noticias\/wp-json\/wp\/v2\/posts"}],"about":[{"href":"https:\/\/primicias2262.com\/noticias\/wp-json\/wp\/v2\/types\/post"}],"author":[{"embeddable":true,"href":"https:\/\/primicias2262.com\/noticias\/wp-json\/wp\/v2\/users\/3"}],"replies":[{"embeddable":true,"href":"https:\/\/primicias2262.com\/noticias\/wp-json\/wp\/v2\/comments?post=81194"}],"version-history":[{"count":0,"href":"https:\/\/primicias2262.com\/noticias\/wp-json\/wp\/v2\/posts\/81194\/revisions"}],"wp:featuredmedia":[{"embeddable":true,"href":"https:\/\/primicias2262.com\/noticias\/wp-json\/"}],"wp:attachment":[{"href":"https:\/\/primicias2262.com\/noticias\/wp-json\/wp\/v2\/media?parent=81194"}],"wp:term":[{"taxonomy":"category","embeddable":true,"href":"https:\/\/primicias2262.com\/noticias\/wp-json\/wp\/v2\/categories?post=81194"},{"taxonomy":"post_tag","embeddable":true,"href":"https:\/\/primicias2262.com\/noticias\/wp-json\/wp\/v2\/tags?post=81194"}],"curies":[{"name":"wp","href":"https:\/\/api.w.org\/{rel}","templated":true}]}}