{"id":81235,"date":"2021-08-31T10:10:48","date_gmt":"2021-08-31T13:10:48","guid":{"rendered":"https:\/\/primicias2262.com\/?p=81235"},"modified":"2021-08-31T10:10:48","modified_gmt":"2021-08-31T13:10:48","slug":"marcela-garcia-seguramente-va-a-ser-positiva-la-temporada-de-verano","status":"publish","type":"post","link":"https:\/\/primicias2262.com\/noticias\/marcela-garcia-seguramente-va-a-ser-positiva-la-temporada-de-verano\/","title":{"rendered":"Marcela Garc\u00eda: \u00abSeguramente va a ser positiva la temporada de verano\u00bb"},"content":{"rendered":"<p>La Secretaria de Turismo pidi\u00f3 un esfuerzo al sector privado para acompa\u00f1ar las condiciones que se generan desde el municipio para recibir a los visitantes en una ciudad m\u00e1s sustentable y accesible. Adem\u00e1s, afirm\u00f3 que las playas de Necochea no aparec\u00edan m\u00e1s en TN \u201cpor un contrato que se hab\u00eda dejado de pagar\u201d.<\/p>\n<p>En la ma\u00f1ana de Voces de la Ciudad, por FM Vinilo 103.5 MHz, la titular de Turismo, Marcela Garc\u00eda, habl\u00f3 de las expectativas que genera la inminente llegada de una nueva temporada estival, a la que por la situaci\u00f3n epidemiol\u00f3gica actual y las mejoras que lleva adelante el municipio en el tema de infraestructura calific\u00f3: \u201cSeguramente va a ser positiva\u201d.<\/p>\n<p>En ese contexto, pidi\u00f3 a los prestadores aumentar el trabajo articulado para brindar servicios de calidad, \u201cque es lo que hoy busca el turista\u201d, se\u00f1al\u00f3 y luego agreg\u00f3 que \u201cdesde el municipio, estamos dando las condiciones y el privado tiene que acompa\u00f1ar. Sabemos que es un momento dif\u00edcil para la inversi\u00f3n, y por eso debemos trabajar en forma conjunta, buscar puntos de encuentro para salir a promocionar a Necochea que tiene unos lugares fant\u00e1sticos\u201d, continu\u00f3 la funcionaria.<\/p>\n<p>\u201cA lo que tendemos es a hacer una oferta que sea integral\u201d, explic\u00f3 al respecto, ejemplificando que los hoteles que no tengan el servicio de piscina deber\u00e1n aliarse con alg\u00fan club de la ribera o alg\u00fan balneario para ofrecer algo distinto.<\/p>\n<p>En cuanto a la difusi\u00f3n que, a\u00f1o tras a\u00f1o, se hace en distintos puntos del pa\u00eds invitando a los turistas a llegar hasta nuestras playas, Garc\u00eda afirm\u00f3 que \u201cvamos a salir a promocionar la fortaleza que tenemos en cuanto a naturaleza, m\u00e1s el cambio de imagen que va a tener la ciudad, porque turismo tambi\u00e9n es infraestructura y el distrito tiene que estar preparado para recibir al turista\u201d.<\/p>\n<p>Al revelar que las expectativas son crecientes debido a los altos \u00edndices que se vienen observando durante los fines de semana, con mucha gente llegando desde la zona a pasar el d\u00eda, Garc\u00eda no dej\u00f3 pasar la oportunidad para contar de qu\u00e9 forma Necochea volvi\u00f3 a estar presente en los informes climatol\u00f3gicos de la se\u00f1al porte\u00f1a Todo Noticias.<\/p>\n<p>\u201cA mediados de mayo del a\u00f1o pasado empezamos a ver por qu\u00e9 no est\u00e1bamos saliendo y (encontramos que) Necochea dej\u00f3 de estar en TN por un contrato que se hab\u00eda dejado de pagar\u201d, descubri\u00f3 la responsable del \u00e1rea de Turismo de la comuna.<\/p>\n<p>En consecuencia, \u201clo que tuvimos que hacer es, primero, comunicarnos con las autoridades, luego hablar con el proveedor que se encarga de transmitir esa se\u00f1al\u201d, y demostrar que era el \u00fanico que hab\u00eda para cumplir con los tr\u00e1mites administrativos que exigen tres presupuestos distintos.<\/p>\n<p>Finalmente, dijo que \u201chubo una decisi\u00f3n pol\u00edtica de abonar 65 mil pesos m\u00e1s IVA por mes\u201d, termin\u00f3 de revelar la integrante del Departamento Ejecutivo, acabando con algunas conjeturas que se hab\u00edan generado alrededor de esta nueva aparici\u00f3n en el canal capitalino.<\/p>\n","protected":false},"excerpt":{"rendered":"<p>La Secretaria de Turismo pidi\u00f3 un esfuerzo al sector privado para acompa\u00f1ar las condiciones que se generan desde el municipio para recibir a los visitantes en una ciudad m\u00e1s sustentable y accesible. Adem\u00e1s, afirm\u00f3 que las playas de Necochea no aparec\u00edan m\u00e1s en TN \u201cpor un contrato que se hab\u00eda dejado de pagar\u201d. En la [&hellip;]<\/p>\n","protected":false},"author":3,"featured_media":80937,"comment_status":"closed","ping_status":"closed","sticky":false,"template":"","format":"standard","meta":{"footnotes":""},"categories":[3,6],"tags":[],"class_list":{"0":"post-81235","1":"post","2":"type-post","3":"status-publish","4":"format-standard","5":"has-post-thumbnail","7":"category-masnoticias","8":"category-portada2"},"_links":{"self":[{"href":"https:\/\/primicias2262.com\/noticias\/wp-json\/wp\/v2\/posts\/81235","targetHints":{"allow":["GET"]}}],"collection":[{"href":"https:\/\/primicias2262.com\/noticias\/wp-json\/wp\/v2\/posts"}],"about":[{"href":"https:\/\/primicias2262.com\/noticias\/wp-json\/wp\/v2\/types\/post"}],"author":[{"embeddable":true,"href":"https:\/\/primicias2262.com\/noticias\/wp-json\/wp\/v2\/users\/3"}],"replies":[{"embeddable":true,"href":"https:\/\/primicias2262.com\/noticias\/wp-json\/wp\/v2\/comments?post=81235"}],"version-history":[{"count":0,"href":"https:\/\/primicias2262.com\/noticias\/wp-json\/wp\/v2\/posts\/81235\/revisions"}],"wp:featuredmedia":[{"embeddable":true,"href":"https:\/\/primicias2262.com\/noticias\/wp-json\/"}],"wp:attachment":[{"href":"https:\/\/primicias2262.com\/noticias\/wp-json\/wp\/v2\/media?parent=81235"}],"wp:term":[{"taxonomy":"category","embeddable":true,"href":"https:\/\/primicias2262.com\/noticias\/wp-json\/wp\/v2\/categories?post=81235"},{"taxonomy":"post_tag","embeddable":true,"href":"https:\/\/primicias2262.com\/noticias\/wp-json\/wp\/v2\/tags?post=81235"}],"curies":[{"name":"wp","href":"https:\/\/api.w.org\/{rel}","templated":true}]}}