{"id":81271,"date":"2021-09-01T08:28:18","date_gmt":"2021-09-01T11:28:18","guid":{"rendered":"https:\/\/primicias2262.com\/?p=81271"},"modified":"2021-09-01T08:28:18","modified_gmt":"2021-09-01T11:28:18","slug":"desde-hoy-estara-prohibido-circular-con-vehiculos-en-las-playas-centricas","status":"publish","type":"post","link":"https:\/\/primicias2262.com\/noticias\/desde-hoy-estara-prohibido-circular-con-vehiculos-en-las-playas-centricas\/","title":{"rendered":"Desde el martes est\u00e1 prohibido circular con veh\u00edculos en las playas c\u00e9ntricas"},"content":{"rendered":"<p><strong>Entrar\u00e1 en vigencia la limitaci\u00f3n que fijan las vigentes ordenanzas de la Municipalidad de Necochea. Tal restricci\u00f3n se extender\u00e1 hasta la Semana Santa de 2022. Pormenores de la norma original de 2003 que fue modificada y tuvo agregados en 2010<\/strong><\/p>\n<p><strong><a href=\"https:\/\/primicias2262.com\/wp-content\/uploads\/2021\/08\/Gomez.jpg\"><img loading=\"lazy\" decoding=\"async\" class=\"alignleft size-medium wp-image-80409\" src=\"https:\/\/primicias2262.com\/wp-content\/uploads\/2021\/08\/Gomez-269x300.jpg\" alt=\"\" width=\"269\" height=\"300\" \/><\/a>Por Jorge Gomez<\/strong><\/p>\n<p>Desde este mi\u00e9rcoles 1\u00ba de septiembre entrar\u00e1n en vigencia las ordenanzas municipales que establecen prohibiciones y estacionamiento en sectores centrales de las playas de Necochea. Se reitera que tal restricci\u00f3n tiene rigor durante todo el a\u00f1o en las arenas de las playas de Quequ\u00e9n.<\/p>\n<p>\u201cLas prohibiciones y limitaciones al tr\u00e1nsito y estacionamiento (\u2026) tendr\u00e1n vigencia en el periodo comprendido entre el 1\u00b0 de septiembre de cada a\u00f1o y la finalizaci\u00f3n de la Semana Santa del a\u00f1o siguiente\u201d, indica el art\u00edculo 14\u00ba de la ordenanza N\u00ba 5117\/2003.<br \/>\nEsta \u201cnorma madre\u201d tuvo correcciones y agregados a trav\u00e9s de otro instrumento municipal: la ordenanza N\u00ba 7047\/10 que actualiz\u00f3 la primera.<\/p>\n<p>La limitaci\u00f3n expresa claramente los objetivos fijados por la Municipalidad de Necochea para el per\u00edodo que se abre a pocos d\u00edas de llegar la nueva primavera y observando los preparativos que empiezan a producirse en meses previos al pr\u00f3ximo verano 2021\/2022.<\/p>\n<p>El \u00e1rea comprendida en la ordenanza vigente \u2013son dos que confluyen en un solo instrumento- se\u00f1ala la prohibici\u00f3n en cuanto a \u201cla circulaci\u00f3n y estacionamiento de todo tipo de veh\u00edculos a motor sobre la arena en los siguientes sectores, conforme a plano que forma parte de la presente (\u2026):<\/p>\n<p>A) El sector comprendido entre la Escollera Sur y la proyecci\u00f3n de la calle 61, exceptuando la manga de salida de veh\u00edculos delimitada.<br \/>\nB) El sector comprendido entre la proyecci\u00f3n de la calle 71 y la Avenida de los Eucaliptos (continuaci\u00f3n calle 117) (bajada sector Complejo Kabryl)<br \/>\nC) El sector comprendido entre el portal de acceso de Avda. 2 y Complejo de Playa M\u00e9dano Blanco, y la proyecci\u00f3n de calle 155 (Calle Los Aromos) bajada al sur del citado complejo.<br \/>\nD) El sector comprendido entre la proyecci\u00f3n de las calles 187 y calle 195 (sector de playa de campings gremiales).<br \/>\nE) Todo el litoral mar\u00edtimo de la localidad de Quequ\u00e9n entre la escollera norte y el l\u00edmite de Costa Bonita con el Partido de Lober\u00eda\u201d.<\/p>\n<p>Remarca en otros de los puntos que la mencionada restricci\u00f3n significa a la \u201ccirculaci\u00f3n de automotores tipo sed\u00e1n, motos, cuatriciclos y\/o aquellos que no est\u00e9n debidamente preparados para rodar sobre la arena\u201d, puntualizando que \u201cquedan exceptuados de estas prohibiciones, aquellos veh\u00edculos habilitados por el Departamento Ejecutivo, para dar cumplimiento con el sistema de seguridad y control de playas\u201d.<\/p>\n<p>Las \u00e1reas previstas que se encuentran habilitadas para el ingreso y egreso de los veh\u00edculos automotores autorizados a los sectores de playa, a partir del 1\u00ba de septiembre hasta la Semana Santa de 2022, tienen estos puntos:<\/p>\n<p>Portales de bajada hacia la playa<br \/>\nAvda. 2 y calle 73.<br \/>\nAvda. 2 y bajada al sur y adyacente al Complejo Barrio Cerrado (Bajada Barrio Cerrado).<br \/>\n1.- Avda. 2 e inicio de Escollera Sur.<br \/>\n2 &#8211; Avda. 2 y Complejo Kabryl. (proyecci\u00f3n calle 117) (bajada Kabryl).<br \/>\n3.- Avda. 2 y bajada al norte y adyacente al Complejo de Playa \u201cM\u00e9dano Blanco\u201d (subida desde la playa).<\/p>\n","protected":false},"excerpt":{"rendered":"<p>Entrar\u00e1 en vigencia la limitaci\u00f3n que fijan las vigentes ordenanzas de la Municipalidad de Necochea. Tal restricci\u00f3n se extender\u00e1 hasta la Semana Santa de 2022. Pormenores de la norma original de 2003 que fue modificada y tuvo agregados en 2010 Por Jorge Gomez Desde este mi\u00e9rcoles 1\u00ba de septiembre entrar\u00e1n en vigencia las ordenanzas municipales [&hellip;]<\/p>\n","protected":false},"author":3,"featured_media":81272,"comment_status":"closed","ping_status":"closed","sticky":false,"template":"","format":"standard","meta":{"footnotes":""},"categories":[3,6],"tags":[],"class_list":{"0":"post-81271","1":"post","2":"type-post","3":"status-publish","4":"format-standard","5":"has-post-thumbnail","7":"category-masnoticias","8":"category-portada2"},"_links":{"self":[{"href":"https:\/\/primicias2262.com\/noticias\/wp-json\/wp\/v2\/posts\/81271","targetHints":{"allow":["GET"]}}],"collection":[{"href":"https:\/\/primicias2262.com\/noticias\/wp-json\/wp\/v2\/posts"}],"about":[{"href":"https:\/\/primicias2262.com\/noticias\/wp-json\/wp\/v2\/types\/post"}],"author":[{"embeddable":true,"href":"https:\/\/primicias2262.com\/noticias\/wp-json\/wp\/v2\/users\/3"}],"replies":[{"embeddable":true,"href":"https:\/\/primicias2262.com\/noticias\/wp-json\/wp\/v2\/comments?post=81271"}],"version-history":[{"count":0,"href":"https:\/\/primicias2262.com\/noticias\/wp-json\/wp\/v2\/posts\/81271\/revisions"}],"wp:featuredmedia":[{"embeddable":true,"href":"https:\/\/primicias2262.com\/noticias\/wp-json\/"}],"wp:attachment":[{"href":"https:\/\/primicias2262.com\/noticias\/wp-json\/wp\/v2\/media?parent=81271"}],"wp:term":[{"taxonomy":"category","embeddable":true,"href":"https:\/\/primicias2262.com\/noticias\/wp-json\/wp\/v2\/categories?post=81271"},{"taxonomy":"post_tag","embeddable":true,"href":"https:\/\/primicias2262.com\/noticias\/wp-json\/wp\/v2\/tags?post=81271"}],"curies":[{"name":"wp","href":"https:\/\/api.w.org\/{rel}","templated":true}]}}