{"id":81282,"date":"2021-09-01T08:32:04","date_gmt":"2021-09-01T11:32:04","guid":{"rendered":"https:\/\/primicias2262.com\/?p=81282"},"modified":"2021-09-01T08:32:04","modified_gmt":"2021-09-01T11:32:04","slug":"temor-y-precaucion-por-una-nueva-variante-del-coronavirus-detectada-en-colombia","status":"publish","type":"post","link":"https:\/\/primicias2262.com\/noticias\/temor-y-precaucion-por-una-nueva-variante-del-coronavirus-detectada-en-colombia\/","title":{"rendered":"Temor y precauci\u00f3n por una nueva variante del coronavirus detectada en Colombia"},"content":{"rendered":"<p><strong>Bautizada como \u00abMu\u00bb, se mantiene como \u00abvariante de inter\u00e9s\u00bb y presenta mutaciones que podr\u00edan indicar un riesgo de \u00abescape inmunitario\u00bb o resistencia a las vacunas.\u00a0<\/strong><\/p>\n<p>Cient\u00edficos de la Organizaci\u00f3n Mundial de la Salud (OMS) analizan una nueva variante del coronavirus,\u00a0<strong>bautizada como \u00abMu\u00bb,<\/strong>\u00a0<strong>identificada por primera vez en enero en Colombia<\/strong>, inform\u00f3 el organismo de la ONU con sede en Ginebra.<\/p>\n<p>La variante B.1.621, seg\u00fan la nomenclatura cient\u00edfica, se mantiene clasificada com<strong>o \u00abvariante de inter\u00e9s\u00bb,\u00a0<\/strong>indic\u00f3 la OMS en su bolet\u00edn epidemiol\u00f3gico semanal sobre la evoluci\u00f3n de la pandemia, inform\u00f3 la agencia de noticias AFP.<\/p>\n<p>La variante presenta mutaciones que podr\u00edan indicar un riesgo de \u00abescape inmunitario\u00bb o resistencia a las vacunas, y se requerir\u00e1n estudios adicionales para comprender sus caracter\u00edsticas, precis\u00f3 la organizaci\u00f3n.<\/p>\n<p><strong>Todos los virus, incluido el SARS-CoV-2, causante de la Covid-19, mutan con el tiempo y la mayor\u00eda de las mutaciones tienen poca o ninguna incidencia en las caracter\u00edsticas del virus.<\/strong><\/p>\n<p>No obstante,\u00a0<strong>algunas mutaciones pueden afectar las propiedades del virus e influir,<\/strong>\u00a0por ejemplo,<strong>\u00a0en su capacidad de propagaci\u00f3n, la gravedad de la enfermedad que provoca o la eficacia de las vacunas, medicamentos u otras medidas para combatirlo.<\/strong><\/p>\n<p>La aparici\u00f3n en 2020 de variantes que presentaban un riesgo agravado para la salud p\u00fablica mundial llev\u00f3 a la OMS a caracterizarlas como \u00abde inter\u00e9s\u00bb o como \u00abpreocupantes\u00bb, a fin de jerarquizar las actividades de vigilancia e investigaci\u00f3n a nivel mundial.<\/p>\n<p>La entidad adopt\u00f3 las letras del alfabeto griego para denominar las variantes y facilitar as\u00ed su identificaci\u00f3n para el p\u00fablico no cient\u00edfico y evitar la estigmatizaci\u00f3n asociada con el pa\u00eds de origen.<\/p>\n<p><strong>Cuatro de las variantes han sido calificadas por la OMS como \u00abpreocupantes\u00bb<\/strong>, incluidas la<strong>\u00a0Alfa y la Delta<\/strong>, mientras que otras cinco fueron calificadas como \u00abde inter\u00e9s\u00bb, incluida la Mu, agreg\u00f3 AFP.<\/p>\n<p><strong>La variante Mu fue detectada por primera vez en Colombia en enero pasado, y desde entonces se le ha encontrado en otros pa\u00edses suramericanos y Europa.<\/strong><\/p>\n<p><strong>\u00abSi bien la prevalencia mundial de la variante Mu entre los casos secuenciados ha disminuido y es actualmente inferior a 0,1%, su prevalencia en Colombia (39%) y Ecuador (13%) ha aumentado constantemente\u00bb,\u00a0<\/strong>se\u00f1al\u00f3 la OMS.<\/p>\n","protected":false},"excerpt":{"rendered":"<p>Bautizada como \u00abMu\u00bb, se mantiene como \u00abvariante de inter\u00e9s\u00bb y presenta mutaciones que podr\u00edan indicar un riesgo de \u00abescape inmunitario\u00bb o resistencia a las vacunas.\u00a0 Cient\u00edficos de la Organizaci\u00f3n Mundial de la Salud (OMS) analizan una nueva variante del coronavirus,\u00a0bautizada como \u00abMu\u00bb,\u00a0identificada por primera vez en enero en Colombia, inform\u00f3 el organismo de la ONU [&hellip;]<\/p>\n","protected":false},"author":3,"featured_media":81283,"comment_status":"closed","ping_status":"closed","sticky":false,"template":"","format":"standard","meta":{"footnotes":""},"categories":[4],"tags":[],"class_list":{"0":"post-81282","1":"post","2":"type-post","3":"status-publish","4":"format-standard","5":"has-post-thumbnail","7":"category-actualidad"},"_links":{"self":[{"href":"https:\/\/primicias2262.com\/noticias\/wp-json\/wp\/v2\/posts\/81282","targetHints":{"allow":["GET"]}}],"collection":[{"href":"https:\/\/primicias2262.com\/noticias\/wp-json\/wp\/v2\/posts"}],"about":[{"href":"https:\/\/primicias2262.com\/noticias\/wp-json\/wp\/v2\/types\/post"}],"author":[{"embeddable":true,"href":"https:\/\/primicias2262.com\/noticias\/wp-json\/wp\/v2\/users\/3"}],"replies":[{"embeddable":true,"href":"https:\/\/primicias2262.com\/noticias\/wp-json\/wp\/v2\/comments?post=81282"}],"version-history":[{"count":0,"href":"https:\/\/primicias2262.com\/noticias\/wp-json\/wp\/v2\/posts\/81282\/revisions"}],"wp:featuredmedia":[{"embeddable":true,"href":"https:\/\/primicias2262.com\/noticias\/wp-json\/"}],"wp:attachment":[{"href":"https:\/\/primicias2262.com\/noticias\/wp-json\/wp\/v2\/media?parent=81282"}],"wp:term":[{"taxonomy":"category","embeddable":true,"href":"https:\/\/primicias2262.com\/noticias\/wp-json\/wp\/v2\/categories?post=81282"},{"taxonomy":"post_tag","embeddable":true,"href":"https:\/\/primicias2262.com\/noticias\/wp-json\/wp\/v2\/tags?post=81282"}],"curies":[{"name":"wp","href":"https:\/\/api.w.org\/{rel}","templated":true}]}}