{"id":81310,"date":"2021-09-02T08:35:26","date_gmt":"2021-09-02T11:35:26","guid":{"rendered":"https:\/\/primicias2262.com\/?p=81310"},"modified":"2021-09-02T08:35:26","modified_gmt":"2021-09-02T11:35:26","slug":"kalle-destaco-la-posibilidad-de-encabezar-una-lista-que-se-enfoca-en-las-problematicas-del-distrito","status":"publish","type":"post","link":"https:\/\/primicias2262.com\/noticias\/kalle-destaco-la-posibilidad-de-encabezar-una-lista-que-se-enfoca-en-las-problematicas-del-distrito\/","title":{"rendered":"Kalle destac\u00f3 la posibilidad de encabezar una lista que se enfoca en las problem\u00e1ticas del distrito"},"content":{"rendered":"<p>Nosotros no nos colgamos de otras listas\u201d, destac\u00f3 la actual secretaria de Salud y precandidata a primera concejala por el partido Nueva Necochea en el aire de Voces de la Ciudad, invitando a los vecinos a acompa\u00f1arlos con el voto \u201csi est\u00e1n contentos con la gesti\u00f3n y viendo que la ciudad est\u00e1 cambiando de a poco\u201d.<\/p>\n<p>En una entrevista con el periodista Jorge G\u00f3mez, la precandidata a primera concejala por Nueva Necochea, Ruth Kalle, habl\u00f3 de las expectativas que genera la proximidad de las PASO de septiembre, destacando la posibilidad de formar parte de \u201cun partido local y vecinalista\u201d que se presenta con una lista corta para poder dedicarse de lleno a las problem\u00e1ticas de nuestro distrito.<\/p>\n<p>\u201cNosotros no nos colgamos de otras listas, la gente arriba puede votar lo que quiera\u201d, afirm\u00f3 la funcionario, haciendo un llamado a la comunidad: \u201cLo que le pedimos al vecino es que, si est\u00e1 contento con la gesti\u00f3n y est\u00e1 viendo que la ciudad est\u00e1 cambiando de a poco, nos acompa\u00f1e con el voto, porque tambi\u00e9n es importante que los gobiernos tengamos una continuidad en el tiempo. En un a\u00f1o y medio nadie resuelve una ciudad y menos en el estado en que todos sabemos que estaba Necochea\u201d, dispar\u00f3.<\/p>\n<p>Remarc\u00f3 que para que el voto no sea nulo, a la boleta de tres cuerpos se le debe cortar el \u00faltimo en el caso de querer agregar la opci\u00f3n del oficialismo acompa\u00f1ada con otras opciones nacionales y provinciales, al tiempo que la funcionaria remarc\u00f3 que \u201cla gente tiene la sensaci\u00f3n de que est\u00e1 cambiando el asunto, en la calle uno empieza a pescar que la gente pide porque ve respuestas\u201d.<\/p>\n<p>Sobre el liderazgo del intendente Arturo Rojas, la postulante a una banca en el Concejo Deliberante afirm\u00f3 que \u201c\u00e9l es la figura fuerte de Nueva Necochea, esto es claro. Y todos los que pertenecemos al espacio estamos porque \u00e9l nos convoca y tenemos convicci\u00f3n en lo que propone, en el modo de trabajo y en la gesti\u00f3n\u201d.<\/p>\n<p>Volviendo al tema de la gesti\u00f3n, que ser\u00e1 el principal motor de la campa\u00f1a del partido violeta, Kalle remarc\u00f3 que \u201cnos queda m\u00e1s por hacer de lo que hicimos, y hemos hecho much\u00edsimo\u201d, pero \u201ccuando llegamos esto parec\u00eda una rueda cuadrada: uno la empujaba y no pasaba nada. Ahora tiene cierto dinamismo y ya se ha hecho un poquito en cada lugar\u201d.<\/p>\n<p>De lleno en la arena pol\u00edtica, la dirigente de Nueva Necochea tambi\u00e9n habl\u00f3 de las propuestas de los dem\u00e1s precandidatos: \u201cComo tienen listas para arriba lo que hacen es bajar el debate nacional y provincial a lo local y, a veces, eso hace ruido, porque no son los mimos debates. La ciudad tiene sus problem\u00e1ticas, su idiosincrasia y un estado particular que no coincide con el resto de las ciudades de la provincia, ni con la Provincia ni con la Naci\u00f3n\u201d, sentenci\u00f3.<\/p>\n<p>\u201cA veces se transpolan temas que no tienen que ser debatidos en un concejo deliberante, sino en el Senado o en C\u00e1mara de Diputados. No es por desprestigiar, porque estamos en democracia y la gente tiene derecho a elegir a la lista que m\u00e1s les guste\u201d, pero \u201cuno tiene que poder tener debates maduros, estar de frente al vecino y responder todas las preguntas. Queremos debatir ideas y proyectos\u201d, remat\u00f3 la precandidata a primera concejala.<\/p>\n","protected":false},"excerpt":{"rendered":"<p>Nosotros no nos colgamos de otras listas\u201d, destac\u00f3 la actual secretaria de Salud y precandidata a primera concejala por el partido Nueva Necochea en el aire de Voces de la Ciudad, invitando a los vecinos a acompa\u00f1arlos con el voto \u201csi est\u00e1n contentos con la gesti\u00f3n y viendo que la ciudad est\u00e1 cambiando de a [&hellip;]<\/p>\n","protected":false},"author":3,"featured_media":71604,"comment_status":"closed","ping_status":"closed","sticky":false,"template":"","format":"standard","meta":{"footnotes":""},"categories":[3,6],"tags":[],"class_list":{"0":"post-81310","1":"post","2":"type-post","3":"status-publish","4":"format-standard","5":"has-post-thumbnail","7":"category-masnoticias","8":"category-portada2"},"_links":{"self":[{"href":"https:\/\/primicias2262.com\/noticias\/wp-json\/wp\/v2\/posts\/81310","targetHints":{"allow":["GET"]}}],"collection":[{"href":"https:\/\/primicias2262.com\/noticias\/wp-json\/wp\/v2\/posts"}],"about":[{"href":"https:\/\/primicias2262.com\/noticias\/wp-json\/wp\/v2\/types\/post"}],"author":[{"embeddable":true,"href":"https:\/\/primicias2262.com\/noticias\/wp-json\/wp\/v2\/users\/3"}],"replies":[{"embeddable":true,"href":"https:\/\/primicias2262.com\/noticias\/wp-json\/wp\/v2\/comments?post=81310"}],"version-history":[{"count":0,"href":"https:\/\/primicias2262.com\/noticias\/wp-json\/wp\/v2\/posts\/81310\/revisions"}],"wp:featuredmedia":[{"embeddable":true,"href":"https:\/\/primicias2262.com\/noticias\/wp-json\/"}],"wp:attachment":[{"href":"https:\/\/primicias2262.com\/noticias\/wp-json\/wp\/v2\/media?parent=81310"}],"wp:term":[{"taxonomy":"category","embeddable":true,"href":"https:\/\/primicias2262.com\/noticias\/wp-json\/wp\/v2\/categories?post=81310"},{"taxonomy":"post_tag","embeddable":true,"href":"https:\/\/primicias2262.com\/noticias\/wp-json\/wp\/v2\/tags?post=81310"}],"curies":[{"name":"wp","href":"https:\/\/api.w.org\/{rel}","templated":true}]}}