{"id":82502,"date":"2021-09-30T07:44:53","date_gmt":"2021-09-30T10:44:53","guid":{"rendered":"https:\/\/primicias2262.com\/?p=82502"},"modified":"2021-09-30T07:44:53","modified_gmt":"2021-09-30T10:44:53","slug":"catena-cumple-8-anos-y-lo-festeja-con-musica-y-buena-comida","status":"publish","type":"post","link":"https:\/\/primicias2262.com\/noticias\/catena-cumple-8-anos-y-lo-festeja-con-musica-y-buena-comida\/","title":{"rendered":"Catena cumple 8 a\u00f1os y lo festeja con m\u00fasica y buena comida"},"content":{"rendered":"<p><strong>El pr\u00f3ximo s\u00e1bado 2 de octubre, desde las 22, se presentar\u00e1 Tangoloco Tr\u00edo. \u201cVamos a festejar 8 a\u00f1os de porf\u00eda y persistencia como espacio cultural y gastron\u00f3mico\u201d, afirm\u00f3 su propietario, Marcos Testani. Adem\u00e1s, habl\u00f3 sobre la preocupante erosi\u00f3n de las barrancas sobre la margen Necochea del R\u00edo Quequ\u00e9n.<\/strong><\/p>\n<p>Este s\u00e1bado 2 de octubre, el restaurante \u201cCatena, Cultura y Sabores\u201d cumple 8 a\u00f1os y lo celebrar\u00e1 con la presentaci\u00f3n de Tangoloco Tr\u00edo y un delicioso men\u00fa, seg\u00fan inform\u00f3 su propietario, Marcos Testani, en el aire de Voces de la Ciudad.<\/p>\n<p>\u201cVamos a festejar 8 a\u00f1os de porf\u00eda y persistencia como espacio cultural y gastron\u00f3mico\u201d, brome\u00f3 el empresario, agregando que al show se sumar\u00e1 la cantante Vivi Verri y que el derecho de espect\u00e1culo tendr\u00e1 un valor de 800 pesos.<\/p>\n<p>Preparando las opciones para quienes gusten acercarse al coqueto complejo ubicado en el Camino de la Ribera y calle 27, el juarense detall\u00f3 que podr\u00e1n elegir por un cl\u00e1sico lomo Wellington o una bondiola de cerdo braseada al horno de barro con cerveza negra, pero, adem\u00e1s, estar\u00e1 disponible la carta completa. Tambi\u00e9n habr\u00e1 costillar al asador en el mediod\u00eda del mismo s\u00e1bado y el cl\u00e1sico corderito el domingo.<\/p>\n<p>En el marco de estos festejos, \u201cel fin de semana largo (por los feriados del 12 de octubre) vamos a inaugurar el patio cervecero, con \u2018musiquita\u2019 en vivo, una barrita, y unas mesitas lindas\u201d, adelant\u00f3 Testani, a lo que luego se incorporar\u00e1 un rinc\u00f3n de \u201cartesan\u00edas de diferentes lugares del pa\u00eds\u201d.<\/p>\n<p>El comerciante se\u00f1al\u00f3 que crece la preocupaci\u00f3n entre los vecinos por el tema de la erosi\u00f3n a lo largo del paseo. \u201cPasando la primera curva de Catena, se est\u00e1 comiendo la barranca a pasos agigantados\u201d, por lo que \u201cestamos haciendo gestiones para ver de qu\u00e9 manera podemos hacer la contenci\u00f3n, porque si seguimos as\u00ed en un par de a\u00f1os vamos a tener que ir a cenar en bote\u201d, asever\u00f3.<\/p>\n<p>Coemtnt\u00f3\u00a0 que \u201cse est\u00e1 comiendo un metro por a\u00f1o de costa en la margen de Necochea\u201d, situaci\u00f3n que fue constatada porque \u201chab\u00edamos puesto un mirador frente al restaurante y lo tuvimos que trasladar m\u00e1s cerca del Club del Valle, y creo que el a\u00f1o que viene lo vamos a tener que mover de nuevo\u201d.<\/p>\n<p>\u201cDespu\u00e9s de haber solucionado la calle, que qued\u00f3 hermosa, y con la iluminaci\u00f3n Led que viene en breve, uno de los pasos m\u00e1s importantes apostando al futuro del paseo es hacer una buena contenci\u00f3n para la erosi\u00f3n\u201d, asegur\u00f3 para finalizar.<\/p>\n","protected":false},"excerpt":{"rendered":"<p>El pr\u00f3ximo s\u00e1bado 2 de octubre, desde las 22, se presentar\u00e1 Tangoloco Tr\u00edo. \u201cVamos a festejar 8 a\u00f1os de porf\u00eda y persistencia como espacio cultural y gastron\u00f3mico\u201d, afirm\u00f3 su propietario, Marcos Testani. Adem\u00e1s, habl\u00f3 sobre la preocupante erosi\u00f3n de las barrancas sobre la margen Necochea del R\u00edo Quequ\u00e9n. Este s\u00e1bado 2 de octubre, el restaurante [&hellip;]<\/p>\n","protected":false},"author":3,"featured_media":82503,"comment_status":"closed","ping_status":"closed","sticky":false,"template":"","format":"standard","meta":{"footnotes":""},"categories":[3,6],"tags":[],"class_list":{"0":"post-82502","1":"post","2":"type-post","3":"status-publish","4":"format-standard","5":"has-post-thumbnail","7":"category-masnoticias","8":"category-portada2"},"_links":{"self":[{"href":"https:\/\/primicias2262.com\/noticias\/wp-json\/wp\/v2\/posts\/82502","targetHints":{"allow":["GET"]}}],"collection":[{"href":"https:\/\/primicias2262.com\/noticias\/wp-json\/wp\/v2\/posts"}],"about":[{"href":"https:\/\/primicias2262.com\/noticias\/wp-json\/wp\/v2\/types\/post"}],"author":[{"embeddable":true,"href":"https:\/\/primicias2262.com\/noticias\/wp-json\/wp\/v2\/users\/3"}],"replies":[{"embeddable":true,"href":"https:\/\/primicias2262.com\/noticias\/wp-json\/wp\/v2\/comments?post=82502"}],"version-history":[{"count":0,"href":"https:\/\/primicias2262.com\/noticias\/wp-json\/wp\/v2\/posts\/82502\/revisions"}],"wp:featuredmedia":[{"embeddable":true,"href":"https:\/\/primicias2262.com\/noticias\/wp-json\/"}],"wp:attachment":[{"href":"https:\/\/primicias2262.com\/noticias\/wp-json\/wp\/v2\/media?parent=82502"}],"wp:term":[{"taxonomy":"category","embeddable":true,"href":"https:\/\/primicias2262.com\/noticias\/wp-json\/wp\/v2\/categories?post=82502"},{"taxonomy":"post_tag","embeddable":true,"href":"https:\/\/primicias2262.com\/noticias\/wp-json\/wp\/v2\/tags?post=82502"}],"curies":[{"name":"wp","href":"https:\/\/api.w.org\/{rel}","templated":true}]}}