{"id":82748,"date":"2021-10-06T08:54:38","date_gmt":"2021-10-06T11:54:38","guid":{"rendered":"https:\/\/primicias2262.com\/?p=82748"},"modified":"2021-10-06T08:54:38","modified_gmt":"2021-10-06T11:54:38","slug":"las-calles-deterioradas-son-culpa-de-50-anos-de-desinversion-indico-furno","status":"publish","type":"post","link":"https:\/\/primicias2262.com\/noticias\/las-calles-deterioradas-son-culpa-de-50-anos-de-desinversion-indico-furno\/","title":{"rendered":"Las calles deterioradas son culpa de \u201c50 a\u00f1os de desinversi\u00f3n\u201d, indic\u00f3 Furno"},"content":{"rendered":"<p><strong>El presidente del Ente Vial brind\u00f3 detalles acerca del esfuerzo que se realiza para llegar a tener las 4 mil calles de tierra existentes en el distrito en las mejores condiciones, aunque, \u201ca veces, el problema no es lo vial, que es lo que nosotros podemos arreglar, sino que es de infraestructura pluvial\u201d.<\/strong><\/p>\n<p>Reconvertido por el intendente Arturo Rojas para solucionar la problem\u00e1tica de las m\u00e1s de 4 mil calles de tierra que tiene el distrito, el Ente Vial sigue redoblando sus esfuerzos cada semana para llegar a la mayor cantidad de barrios posibles, tanto en Necochea como en Quequ\u00e9n.<\/p>\n<p>Aunque los cambios ya son notorios y han mejorado las condiciones de vida de muchos vecinos en estos casi dos a\u00f1os de accionar, son muchos los reclamos que se siguen acumulando en ventanilla por el p\u00e9simo estado de algunas arterias.<\/p>\n<p>&nbsp;<\/p>\n<p>\u201cA veces el problema no es lo vial, que es lo que nosotros podemos arreglar, sino que es de infraestructura pluvial\u201d, asegur\u00f3 Adri\u00e1n Furno, titular de la entidad, en una entrevista concedida a Jorge G\u00f3mez, en el piso de Voces de la Ciudad.<\/p>\n<p>Esta situaci\u00f3n es generada \u201cpor 50 a\u00f1os de desinversi\u00f3n\u201d, caracteriz\u00f3 el t\u00e9cnico, sintetiz\u00e1ndolo de la siguiente forma: \u201cLa ciudad se desarroll\u00f3 y no, de la misma manera, la obra de infraestructura b\u00e1sica\u201d.<\/p>\n<p><a href=\"https:\/\/primicias2262.com\/wp-content\/uploads\/2021\/03\/adrian-furno.jpeg\"><img loading=\"lazy\" decoding=\"async\" class=\"alignleft size-medium wp-image-74173\" src=\"https:\/\/primicias2262.com\/wp-content\/uploads\/2021\/03\/adrian-furno-300x200.jpeg\" alt=\"\" width=\"300\" height=\"200\" \/><\/a><\/p>\n<p>\u201cNecochea creci\u00f3 sin planificaci\u00f3n. Primero se planifican los servicios, las obras de infraestructura b\u00e1sica y despu\u00e9s llega el barrio. Ac\u00e1 se hizo al rev\u00e9s\u201d, remat\u00f3 el presidente del organismo en FM Vinilo 103.5 MHz.<\/p>\n<p>Al respecto, explic\u00f3 que \u201ctenemos relevados todos los lugares complicados y sabemos d\u00f3nde vamos a tener problemas el d\u00eda que llueve, pero la soluci\u00f3n no es ir a tapar los pozos de nuevo\u201d y tomo como ejemplo a la gran barriada del norte de la ciudad. \u201cEl \u00fanico pluvial que hay est\u00e1 en la 74 y la \u00faltima boca de tormenta en la 78. Desde ah\u00ed hasta la ruta 228 no hay nada\u201d.<\/p>\n<p>Luego de explicar que, en conjunto con la Secretar\u00eda de Planeamiento, Obras y Servicios P\u00fablicos, se conform\u00f3 una plantilla que dedica su tiempo solo a la limpieza de pluviales para mejorar la situaci\u00f3n en algunas calles, Furno avanz\u00f3 sobre un tema controvertido: el de la cantidad de recursos \u201cinconmensurables\u201d que se generan en el partido y lo poco que vuelve para gastar en obras que mejoren la calidad de vida de la gente.<\/p>\n<p>No solo habl\u00f3 de las divisas que genera el puerto, sino de los porcentajes de coparticipaci\u00f3n y de las riquezas de las 440 mil hect\u00e1reas locales, a cuya exportaci\u00f3n ya se le aplican retenciones por parte del Gobierno nacional, pero que nunca se traducen en crecimiento para el distrito.<\/p>\n<p>\u201c\u00bfCu\u00e1nto vuelve?\u201d, comenz\u00f3 pregunt\u00e1ndose el titular del Ente Vial, \u201cporque los vecinos de Quequ\u00e9n tienen 2 mil camiones circulando diariamente en la ciudad, y eso es algo inviable desde el punto de vista log\u00edstico y operativo si no haces una inversi\u00f3n\u201d.<\/p>\n<p>\u201cAc\u00e1, lo que falta es que bajen una obra de infraestructura para hacer un corredor. Yo te pido, adem\u00e1s, asfalto, cloacas, el puente, la planta de tratamiento de efluentes\u201d, a modo de retorno. En este contexto, \u201ccreo que todos los intendentes de la zona est\u00e1n pensando lo mismo\u201d, finaliz\u00f3 Furno.<\/p>\n","protected":false},"excerpt":{"rendered":"<p>El presidente del Ente Vial brind\u00f3 detalles acerca del esfuerzo que se realiza para llegar a tener las 4 mil calles de tierra existentes en el distrito en las mejores condiciones, aunque, \u201ca veces, el problema no es lo vial, que es lo que nosotros podemos arreglar, sino que es de infraestructura pluvial\u201d. Reconvertido por [&hellip;]<\/p>\n","protected":false},"author":3,"featured_media":77896,"comment_status":"closed","ping_status":"closed","sticky":false,"template":"","format":"standard","meta":{"footnotes":""},"categories":[3,6],"tags":[],"class_list":{"0":"post-82748","1":"post","2":"type-post","3":"status-publish","4":"format-standard","5":"has-post-thumbnail","7":"category-masnoticias","8":"category-portada2"},"_links":{"self":[{"href":"https:\/\/primicias2262.com\/noticias\/wp-json\/wp\/v2\/posts\/82748","targetHints":{"allow":["GET"]}}],"collection":[{"href":"https:\/\/primicias2262.com\/noticias\/wp-json\/wp\/v2\/posts"}],"about":[{"href":"https:\/\/primicias2262.com\/noticias\/wp-json\/wp\/v2\/types\/post"}],"author":[{"embeddable":true,"href":"https:\/\/primicias2262.com\/noticias\/wp-json\/wp\/v2\/users\/3"}],"replies":[{"embeddable":true,"href":"https:\/\/primicias2262.com\/noticias\/wp-json\/wp\/v2\/comments?post=82748"}],"version-history":[{"count":0,"href":"https:\/\/primicias2262.com\/noticias\/wp-json\/wp\/v2\/posts\/82748\/revisions"}],"wp:featuredmedia":[{"embeddable":true,"href":"https:\/\/primicias2262.com\/noticias\/wp-json\/"}],"wp:attachment":[{"href":"https:\/\/primicias2262.com\/noticias\/wp-json\/wp\/v2\/media?parent=82748"}],"wp:term":[{"taxonomy":"category","embeddable":true,"href":"https:\/\/primicias2262.com\/noticias\/wp-json\/wp\/v2\/categories?post=82748"},{"taxonomy":"post_tag","embeddable":true,"href":"https:\/\/primicias2262.com\/noticias\/wp-json\/wp\/v2\/tags?post=82748"}],"curies":[{"name":"wp","href":"https:\/\/api.w.org\/{rel}","templated":true}]}}