{"id":83593,"date":"2021-10-28T08:37:59","date_gmt":"2021-10-28T11:37:59","guid":{"rendered":"https:\/\/primicias2262.com\/?p=83593"},"modified":"2021-10-28T08:37:59","modified_gmt":"2021-10-28T11:37:59","slug":"el-15-de-noviembre-comenzara-a-funcionar-el-servicio-de-guardavidas","status":"publish","type":"post","link":"https:\/\/primicias2262.com\/noticias\/el-15-de-noviembre-comenzara-a-funcionar-el-servicio-de-guardavidas\/","title":{"rendered":"El 15 de noviembre comenzar\u00e1 a funcionar el servicio de Guardavidas"},"content":{"rendered":"<p><strong>Durante la primera quincena con una prestaci\u00f3n recortada y sin llegada a todos los puntos tur\u00edsticos del distrito. Reci\u00e9n a partir de diciembre la asistencia ser\u00e1 completa. Los rescatistas terminar\u00e1n con su actividad el 15 de abril.<\/strong><\/p>\n<p>Con los primeros d\u00edas de calor y la concurrencia creciente de vecinos y turistas a las largas costas de nuestro distrito, esta ma\u00f1ana se concret\u00f3 una reuni\u00f3n entre autoridades municipales y representantes de los sindicatos que nuclean a los guardavidas en la que se decidi\u00f3 que el servicio prestado por los socorristas entre en funcionamiento el pr\u00f3ximo 15 de noviembre y hasta el 15 de abril, inclusive.<\/p>\n<p>En el aire de Voces de la Ciudad, por FM Vinilo 103.5 MHz, Pablo Su\u00e1rez, secretario general de la Asociaci\u00f3n de Guardavidas de Necochea y Quequ\u00e9n, explic\u00f3 que \u201cnuestro inter\u00e9s era ver la posibilidad de comenzar unos d\u00edas antes, porque estamos observando c\u00f3mo, con la aparici\u00f3n de estos d\u00edas de altas temperaturas, ya la gente va de manera masiva a la playa\u201d.<\/p>\n<p>Aunque esta sugerencia fue planteada en la mesa de di\u00e1logo, la decisi\u00f3n fue que la cobertura inicie a mediados del mes pr\u00f3ximo, \u201ccontemplando la Ley Nacional N\u00ba 27.155, que dice que las temporadas deben dar comienzo desde el 15 de noviembre y hasta el 15 de abril\u201d, agreg\u00f3 el rescatista.<\/p>\n<p>En cuanto a horarios y \u00e1rea de cobertura, Su\u00e1rez se\u00f1al\u00f3 que \u201ctodav\u00eda no confirmamos el horario (se estima que, en principio, ser\u00e1 entre las 8:30 y las 19:30), pero esos primeros 15 d\u00edas de noviembre ser\u00e1 medio acotado, sin servicio en Costa Bonita, Puente Blanco, Balneario Los \u00c1ngeles o Las Cascadas. Habr\u00e1 una cobertura de guardavidas m\u00ednima para dar servicio en esta \u00e9poca que no es la temporada fuerte\u201d, continu\u00f3 indicando.<\/p>\n<p>Por otro lado, el gremialista cont\u00f3 que se pidi\u00f3 por la renovaci\u00f3n de materiales de trabajo: \u201cComo todos los a\u00f1os, solicitamos la incorporaci\u00f3n de algunos radios de comunicaci\u00f3n o elementos de flotaci\u00f3n que se van desgastando, como la construcci\u00f3n de algunos refugios que hay da\u00f1ados por el paso del tiempo\u201d, adem\u00e1s de \u201clo que tiene que ver con camionetas que prestan el servicio para traslado de v\u00edctimas\u201d.<\/p>\n<p>Teniendo en cuenta que la prestaci\u00f3n reci\u00e9n ser\u00e1 completa a partir del 1\u00ba de diciembre y que hasta el pr\u00f3ximo 15 no habr\u00e1 guardavidas en las playas, el Secretario solicit\u00f3 a los ba\u00f1istas tener mucha precauci\u00f3n al ingresar al mar, tanto como supervisar el juego de los menores en el agua.<\/p>\n","protected":false},"excerpt":{"rendered":"<p>Durante la primera quincena con una prestaci\u00f3n recortada y sin llegada a todos los puntos tur\u00edsticos del distrito. Reci\u00e9n a partir de diciembre la asistencia ser\u00e1 completa. Los rescatistas terminar\u00e1n con su actividad el 15 de abril. Con los primeros d\u00edas de calor y la concurrencia creciente de vecinos y turistas a las largas costas [&hellip;]<\/p>\n","protected":false},"author":3,"featured_media":74684,"comment_status":"closed","ping_status":"closed","sticky":false,"template":"","format":"standard","meta":{"footnotes":""},"categories":[3,6],"tags":[],"class_list":{"0":"post-83593","1":"post","2":"type-post","3":"status-publish","4":"format-standard","5":"has-post-thumbnail","7":"category-masnoticias","8":"category-portada2"},"_links":{"self":[{"href":"https:\/\/primicias2262.com\/noticias\/wp-json\/wp\/v2\/posts\/83593","targetHints":{"allow":["GET"]}}],"collection":[{"href":"https:\/\/primicias2262.com\/noticias\/wp-json\/wp\/v2\/posts"}],"about":[{"href":"https:\/\/primicias2262.com\/noticias\/wp-json\/wp\/v2\/types\/post"}],"author":[{"embeddable":true,"href":"https:\/\/primicias2262.com\/noticias\/wp-json\/wp\/v2\/users\/3"}],"replies":[{"embeddable":true,"href":"https:\/\/primicias2262.com\/noticias\/wp-json\/wp\/v2\/comments?post=83593"}],"version-history":[{"count":0,"href":"https:\/\/primicias2262.com\/noticias\/wp-json\/wp\/v2\/posts\/83593\/revisions"}],"wp:featuredmedia":[{"embeddable":true,"href":"https:\/\/primicias2262.com\/noticias\/wp-json\/"}],"wp:attachment":[{"href":"https:\/\/primicias2262.com\/noticias\/wp-json\/wp\/v2\/media?parent=83593"}],"wp:term":[{"taxonomy":"category","embeddable":true,"href":"https:\/\/primicias2262.com\/noticias\/wp-json\/wp\/v2\/categories?post=83593"},{"taxonomy":"post_tag","embeddable":true,"href":"https:\/\/primicias2262.com\/noticias\/wp-json\/wp\/v2\/tags?post=83593"}],"curies":[{"name":"wp","href":"https:\/\/api.w.org\/{rel}","templated":true}]}}