{"id":85651,"date":"2021-12-21T08:49:47","date_gmt":"2021-12-21T11:49:47","guid":{"rendered":"https:\/\/primicias2262.com\/?p=85651"},"modified":"2021-12-21T08:49:47","modified_gmt":"2021-12-21T11:49:47","slug":"el-24-y-el-31-de-diciembre-los-bancos-mantendran-sus-puertas-cerradas","status":"publish","type":"post","link":"https:\/\/primicias2262.com\/noticias\/el-24-y-el-31-de-diciembre-los-bancos-mantendran-sus-puertas-cerradas\/","title":{"rendered":"El 24 y el 31 de diciembre los bancos mantendr\u00e1n sus puertas cerradas"},"content":{"rendered":"<p><strong>As\u00ed lo confirm\u00f3 esta ma\u00f1ana el l\u00edder local de \u201cLa Bancaria\u201d, Demian Ledesma. La medida se tom\u00f3 luego de un comunicado del Central que invit\u00f3 a las entidades financieras y cambiarias de todo el pa\u00eds a otorgar asueto a su personal.<\/strong><\/p>\n<p>Justo antes de ingresar a la cumbre nacional de la CGT, donde particip\u00f3 junto a otros referentes del sindicalismo local, Demian Ledesma, titular de la Asociaci\u00f3n Bancaria a nivel dom\u00e9stico, confirm\u00f3 que los pr\u00f3ximos viernes 24 y 31 de diciembre todos los bancos mantendr\u00e1n sus puertas cerradas, pudiendo realizarse las distintas operaciones mediante los canales electr\u00f3nicos habilitados.<\/p>\n<p>La mediada se da en el marco de \u201cun asueto decretado por el Banco Central\u201d, confirm\u00f3 el gremialista, que reducir\u00e1 la operatoria de las transacciones al mismo nivel que cualquier otro d\u00eda feriado del a\u00f1o.<\/p>\n<p>El comunicado emitido por la entidad rectora puntualiza: \u201cEl Banco Central de la Rep\u00fablica Argentina (BCRA) invita a las entidades financieras y cambiarias de todo el pa\u00eds a otorgar asueto a su personal el 24 y 31 de diciembre. A trav\u00e9s de la Comunicaci\u00f3n P 51020, las entidades quedan facultadas a no abrir sus sucursales en esos d\u00edas\u00bb, inform\u00f3 el Central en un comunicado de prensa.<\/p>\n<p>A su vez, explicaron que se instrumentar\u00e1n todas las medidas pertinentes para garantizar la distribuci\u00f3n de billetes y recargas de cajeros autom\u00e1ticos con el fin de atender la demanda durante esos d\u00edas; e invitaron a los clientes a realizar pagos por transferencia mediante billeteras virtuales u otras aplicaciones similares, tanto como con tarjetas de d\u00e9bito y cr\u00e9dito.<\/p>\n","protected":false},"excerpt":{"rendered":"<p>As\u00ed lo confirm\u00f3 esta ma\u00f1ana el l\u00edder local de \u201cLa Bancaria\u201d, Demian Ledesma. La medida se tom\u00f3 luego de un comunicado del Central que invit\u00f3 a las entidades financieras y cambiarias de todo el pa\u00eds a otorgar asueto a su personal. Justo antes de ingresar a la cumbre nacional de la CGT, donde particip\u00f3 junto [&hellip;]<\/p>\n","protected":false},"author":3,"featured_media":76551,"comment_status":"closed","ping_status":"closed","sticky":false,"template":"","format":"standard","meta":{"footnotes":""},"categories":[6],"tags":[],"class_list":{"0":"post-85651","1":"post","2":"type-post","3":"status-publish","4":"format-standard","5":"has-post-thumbnail","7":"category-portada2"},"_links":{"self":[{"href":"https:\/\/primicias2262.com\/noticias\/wp-json\/wp\/v2\/posts\/85651","targetHints":{"allow":["GET"]}}],"collection":[{"href":"https:\/\/primicias2262.com\/noticias\/wp-json\/wp\/v2\/posts"}],"about":[{"href":"https:\/\/primicias2262.com\/noticias\/wp-json\/wp\/v2\/types\/post"}],"author":[{"embeddable":true,"href":"https:\/\/primicias2262.com\/noticias\/wp-json\/wp\/v2\/users\/3"}],"replies":[{"embeddable":true,"href":"https:\/\/primicias2262.com\/noticias\/wp-json\/wp\/v2\/comments?post=85651"}],"version-history":[{"count":0,"href":"https:\/\/primicias2262.com\/noticias\/wp-json\/wp\/v2\/posts\/85651\/revisions"}],"wp:featuredmedia":[{"embeddable":true,"href":"https:\/\/primicias2262.com\/noticias\/wp-json\/"}],"wp:attachment":[{"href":"https:\/\/primicias2262.com\/noticias\/wp-json\/wp\/v2\/media?parent=85651"}],"wp:term":[{"taxonomy":"category","embeddable":true,"href":"https:\/\/primicias2262.com\/noticias\/wp-json\/wp\/v2\/categories?post=85651"},{"taxonomy":"post_tag","embeddable":true,"href":"https:\/\/primicias2262.com\/noticias\/wp-json\/wp\/v2\/tags?post=85651"}],"curies":[{"name":"wp","href":"https:\/\/api.w.org\/{rel}","templated":true}]}}