{"id":88399,"date":"2022-03-27T13:07:03","date_gmt":"2022-03-27T16:07:03","guid":{"rendered":"https:\/\/primicias2262.com\/?p=88399"},"modified":"2022-03-27T13:07:03","modified_gmt":"2022-03-27T16:07:03","slug":"gamba-adelanto-cuales-seran-las-actividades-culturales-que-le-daran-vida-al-mes-de-abril","status":"publish","type":"post","link":"https:\/\/primicias2262.com\/noticias\/gamba-adelanto-cuales-seran-las-actividades-culturales-que-le-daran-vida-al-mes-de-abril\/","title":{"rendered":"Gamba adelant\u00f3 cu\u00e1les ser\u00e1n las actividades culturales que le dar\u00e1n vida al mes de abril"},"content":{"rendered":"<p>Mientras avanzan las obras para que la dependencia cuente definitivamente con una sede propia, en un predio lindero a la Escuela Municipal de Arte, el director de Cultura, Juan Gamba, revel\u00f3 en Voces de la Ciudad que se prepara un lindo festejo popular para la pr\u00f3xima Semana Santa, en la Plaza Dardo Rocha.<\/p>\n<p><a href=\"https:\/\/primicias2262.com\/wp-content\/uploads\/2021\/03\/juan-gamba.jpg\"><img loading=\"lazy\" decoding=\"async\" class=\"alignright size-medium wp-image-73990\" src=\"https:\/\/primicias2262.com\/wp-content\/uploads\/2021\/03\/juan-gamba-300x169.jpg\" alt=\"\" width=\"300\" height=\"169\" \/><\/a>En una entrevista concedida al periodista Jorge G\u00f3mez, el artista pl\u00e1stico revel\u00f3 que, desde el \u00e1rea de Protocolo \u201cnos han pedido colaboraci\u00f3n con la decoraci\u00f3n, as\u00ed que vamos a estar participando del acto de Malvinas\u201d; mientras se contin\u00faa organizando un evento de magnitud para la Semana Santa.<\/p>\n<p>\u201cVamos a estar jueves, viernes, s\u00e1bado y domingo con emprendedores, venta de chocolates, juegos infantiles y espect\u00e1culos en el escenario mayor\u201d, con \u201cuna novedad para el d\u00eda de Pascuas, cuando va a haber un huevo muy grande relleno de chocolate para repartir entre los chicos\u201d, detall\u00f3 el funcionario.<\/p>\n<p>Ya sin los impedimentos por aforo y otras recomendaciones que impon\u00eda la pandemia de coronavirus, y que fue culpable de la postergaci\u00f3n de numerosas actividades, tanto p\u00fablicas como privadas, Gamba advirti\u00f3: \u201cAhora todo depende del clima, todo lo que uno hace al aire libre depende de eso, y contra eso no podemos\u201d.<\/p>\n<p><strong>Avances en la nueva sede<\/strong><br \/>\nPor otra parte, el Director de la comuna habl\u00f3 de los trabajos que se realizan para dejar terminada la nueva Casa de Cultura, que se edific\u00f3 en el predio de la vieja Estaci\u00f3n de Trenes, a continuaci\u00f3n de la Escuela Municipal de Arte, y que se transformar\u00e1 en sede permanente del \u00e1rea despu\u00e9s de muchos a\u00f1os de peregrinaje.<\/p>\n<p>\u201cYa est\u00e1 con el piso, esta techada, tiene las puertas y ventanas. Falta la segunda etapa que es el cerramiento interno, que es muy r\u00e1pido, y la instalaci\u00f3n el\u00e9ctrica. Lleva su tiempo, pero yo calculo que en mayo ya vamos a estar mirando para poder instalarnos\u201d, adelant\u00f3 Gamba, quien todav\u00eda lleva adelante las actividades de esta dependencia en un local situado en la esquina de calles 68 y 65, hacia donde invit\u00f3 a concurrir a los vecinos que quieran acercar una propuesta o tengan alguna inquietud que se pueda resolver desde ese espacio.<\/p>\n","protected":false},"excerpt":{"rendered":"<p>Mientras avanzan las obras para que la dependencia cuente definitivamente con una sede propia, en un predio lindero a la Escuela Municipal de Arte, el director de Cultura, Juan Gamba, revel\u00f3 en Voces de la Ciudad que se prepara un lindo festejo popular para la pr\u00f3xima Semana Santa, en la Plaza Dardo Rocha. En una [&hellip;]<\/p>\n","protected":false},"author":3,"featured_media":88400,"comment_status":"closed","ping_status":"closed","sticky":false,"template":"","format":"standard","meta":{"footnotes":""},"categories":[6],"tags":[],"class_list":{"0":"post-88399","1":"post","2":"type-post","3":"status-publish","4":"format-standard","5":"has-post-thumbnail","7":"category-portada2"},"_links":{"self":[{"href":"https:\/\/primicias2262.com\/noticias\/wp-json\/wp\/v2\/posts\/88399","targetHints":{"allow":["GET"]}}],"collection":[{"href":"https:\/\/primicias2262.com\/noticias\/wp-json\/wp\/v2\/posts"}],"about":[{"href":"https:\/\/primicias2262.com\/noticias\/wp-json\/wp\/v2\/types\/post"}],"author":[{"embeddable":true,"href":"https:\/\/primicias2262.com\/noticias\/wp-json\/wp\/v2\/users\/3"}],"replies":[{"embeddable":true,"href":"https:\/\/primicias2262.com\/noticias\/wp-json\/wp\/v2\/comments?post=88399"}],"version-history":[{"count":0,"href":"https:\/\/primicias2262.com\/noticias\/wp-json\/wp\/v2\/posts\/88399\/revisions"}],"wp:featuredmedia":[{"embeddable":true,"href":"https:\/\/primicias2262.com\/noticias\/wp-json\/"}],"wp:attachment":[{"href":"https:\/\/primicias2262.com\/noticias\/wp-json\/wp\/v2\/media?parent=88399"}],"wp:term":[{"taxonomy":"category","embeddable":true,"href":"https:\/\/primicias2262.com\/noticias\/wp-json\/wp\/v2\/categories?post=88399"},{"taxonomy":"post_tag","embeddable":true,"href":"https:\/\/primicias2262.com\/noticias\/wp-json\/wp\/v2\/tags?post=88399"}],"curies":[{"name":"wp","href":"https:\/\/api.w.org\/{rel}","templated":true}]}}