{"id":88730,"date":"2022-04-16T12:30:32","date_gmt":"2022-04-16T15:30:32","guid":{"rendered":"https:\/\/primicias2262.com\/?p=88730"},"modified":"2022-04-16T12:30:32","modified_gmt":"2022-04-16T15:30:32","slug":"hay-vacunacion-antigripal-pediatrica-en-los-centros-de-salud","status":"publish","type":"post","link":"https:\/\/primicias2262.com\/noticias\/hay-vacunacion-antigripal-pediatrica-en-los-centros-de-salud\/","title":{"rendered":"Hay vacunaci\u00f3n antigripal pedi\u00e1trica en los centros de salud"},"content":{"rendered":"<p><strong>Es para ni\u00f1os de entre 6 meses y 2 a\u00f1os que deben inmunizarse por calendario, como as\u00ed tambi\u00e9n para peque\u00f1os de 2 a 3 a\u00f1os que tengan factores de riesgo. \u201cTambi\u00e9n hay disponibilidad para personas gestantes, y estamos a la espera de que sigan arribando vacunas para los distintos grupos etarios\u201d afirm\u00f3 la coordinadora del operativo, Adriana Turiaci.<\/strong><\/p>\n<p>La Secretar\u00eda de Salud de la comuna, a cargo de Andrea Perestiuk, inform\u00f3 que ya han ingresado m\u00e1s de 2000 vacunas antigripales al distrito, y que desde esta semana puntualmente se est\u00e1n inoculando en los centros de salud a personas gestantes y a ni\u00f1os de entre 6 meses y 2 a\u00f1os, que deben vacunarse por calendario, como as\u00ed tambi\u00e9n a peque\u00f1os de 2 a 3 a\u00f1os que tengan factores de riesgo.<\/p>\n<p>Para m\u00e1s detalles, Adriana Turiaci, coordinadora de cada operativo de vacunaci\u00f3n que lleva adelante la comuna, asegur\u00f3 que \u201cla primera semana ingresaron 1100 vacunas para el personal de salud que ya est\u00e1n termin\u00e1ndose de aplicar, tanto para el sector p\u00fablico como para el privado\u201d para agregar que sin embargo \u201ca partir del lunes 4 volvi\u00f3 a entrar una cantidad similar pero pedi\u00e1trica, para los ni\u00f1os de 6 a 24 meses que se deben vacunar por calendario, y el resto, hasta los 36 meses, con comorbilidades\u201d.<\/p>\n<p>Asimismo, apunt\u00f3 que \u201ctambi\u00e9n hay disponibilidad para personas gestantes, y estamos a la espera de que sigan arribando vacunas para los distintos grupos etarios, como es el caso de los adultos mayores que llevan un conservante diferente y que no necesitan orden m\u00e9dica para inocularse contra la gripe\u201d.<\/p>\n<p>\u201cEl operativo es abierto a la comunidad, y para eso estamos con todos los centros de salud del distrito disponibles, y tambi\u00e9n en el Hospital Irurzun de Quequ\u00e9n\u201d ampli\u00f3 en su concepto, para a\u00f1adir r\u00e1pidamente para cerrar que \u201clos ni\u00f1os s\u00f3lo deber\u00e1n presentar la libreta sanitaria\u201d para inmunizarse.<\/p>\n","protected":false},"excerpt":{"rendered":"<p>Es para ni\u00f1os de entre 6 meses y 2 a\u00f1os que deben inmunizarse por calendario, como as\u00ed tambi\u00e9n para peque\u00f1os de 2 a 3 a\u00f1os que tengan factores de riesgo. \u201cTambi\u00e9n hay disponibilidad para personas gestantes, y estamos a la espera de que sigan arribando vacunas para los distintos grupos etarios\u201d afirm\u00f3 la coordinadora del [&hellip;]<\/p>\n","protected":false},"author":3,"featured_media":88732,"comment_status":"closed","ping_status":"closed","sticky":false,"template":"","format":"standard","meta":{"footnotes":""},"categories":[6],"tags":[],"class_list":{"0":"post-88730","1":"post","2":"type-post","3":"status-publish","4":"format-standard","5":"has-post-thumbnail","7":"category-portada2"},"_links":{"self":[{"href":"https:\/\/primicias2262.com\/noticias\/wp-json\/wp\/v2\/posts\/88730","targetHints":{"allow":["GET"]}}],"collection":[{"href":"https:\/\/primicias2262.com\/noticias\/wp-json\/wp\/v2\/posts"}],"about":[{"href":"https:\/\/primicias2262.com\/noticias\/wp-json\/wp\/v2\/types\/post"}],"author":[{"embeddable":true,"href":"https:\/\/primicias2262.com\/noticias\/wp-json\/wp\/v2\/users\/3"}],"replies":[{"embeddable":true,"href":"https:\/\/primicias2262.com\/noticias\/wp-json\/wp\/v2\/comments?post=88730"}],"version-history":[{"count":0,"href":"https:\/\/primicias2262.com\/noticias\/wp-json\/wp\/v2\/posts\/88730\/revisions"}],"wp:featuredmedia":[{"embeddable":true,"href":"https:\/\/primicias2262.com\/noticias\/wp-json\/"}],"wp:attachment":[{"href":"https:\/\/primicias2262.com\/noticias\/wp-json\/wp\/v2\/media?parent=88730"}],"wp:term":[{"taxonomy":"category","embeddable":true,"href":"https:\/\/primicias2262.com\/noticias\/wp-json\/wp\/v2\/categories?post=88730"},{"taxonomy":"post_tag","embeddable":true,"href":"https:\/\/primicias2262.com\/noticias\/wp-json\/wp\/v2\/tags?post=88730"}],"curies":[{"name":"wp","href":"https:\/\/api.w.org\/{rel}","templated":true}]}}