{"id":88994,"date":"2022-04-15T16:29:47","date_gmt":"2022-04-15T19:29:47","guid":{"rendered":"https:\/\/primicias2262.com\/?p=88994"},"modified":"2022-04-15T16:29:47","modified_gmt":"2022-04-15T19:29:47","slug":"otro-incendio-en-una-vivienda-de-nuestra-ciudad-esta-vez-en-80-al-2500","status":"publish","type":"post","link":"https:\/\/primicias2262.com\/noticias\/otro-incendio-en-una-vivienda-de-nuestra-ciudad-esta-vez-en-80-al-2500\/","title":{"rendered":"Otro incendio en una vivienda de nuestra ciudad: esta vez en 80 al 2500"},"content":{"rendered":"<p>En el mediod\u00eda de este viernes, se produjo un incendio en una vivienda ubicada en calle 80 al 2500, que tuvo como consecuencia la afectaci\u00f3n total de la misma.<\/p>\n<p>Para sofocar el siniestro, asistieron organismos Bomberos, Same, personal del Comando de patrullas, personal de UPC, como tambi\u00e9n agentes municipales de las Direcciones de Defensa Civil y Transito, ambas \u00e1reas de la Secretar\u00eda de Gobierno local.<\/p>\n<p>Como consecuencia del incendio, una persona fue trasladada al Hospital Municipal \u00abDr. Emilio Ferreyra\u00bb, por inhalaci\u00f3n de humo., al tiempo que personal de la Secretar\u00eda de Desarrollo Humano, se hizo presente en el lugar para brindar asistencia a los damnificados.<\/p>\n","protected":false},"excerpt":{"rendered":"<p>En el mediod\u00eda de este viernes, se produjo un incendio en una vivienda ubicada en calle 80 al 2500, que tuvo como consecuencia la afectaci\u00f3n total de la misma. Para sofocar el siniestro, asistieron organismos Bomberos, Same, personal del Comando de patrullas, personal de UPC, como tambi\u00e9n agentes municipales de las Direcciones de Defensa Civil [&hellip;]<\/p>\n","protected":false},"author":3,"featured_media":88995,"comment_status":"closed","ping_status":"closed","sticky":false,"template":"","format":"standard","meta":{"footnotes":""},"categories":[3],"tags":[],"class_list":["post-88994","post","type-post","status-publish","format-standard","has-post-thumbnail","category-masnoticias"],"_links":{"self":[{"href":"https:\/\/primicias2262.com\/noticias\/wp-json\/wp\/v2\/posts\/88994","targetHints":{"allow":["GET"]}}],"collection":[{"href":"https:\/\/primicias2262.com\/noticias\/wp-json\/wp\/v2\/posts"}],"about":[{"href":"https:\/\/primicias2262.com\/noticias\/wp-json\/wp\/v2\/types\/post"}],"author":[{"embeddable":true,"href":"https:\/\/primicias2262.com\/noticias\/wp-json\/wp\/v2\/users\/3"}],"replies":[{"embeddable":true,"href":"https:\/\/primicias2262.com\/noticias\/wp-json\/wp\/v2\/comments?post=88994"}],"version-history":[{"count":0,"href":"https:\/\/primicias2262.com\/noticias\/wp-json\/wp\/v2\/posts\/88994\/revisions"}],"wp:attachment":[{"href":"https:\/\/primicias2262.com\/noticias\/wp-json\/wp\/v2\/media?parent=88994"}],"wp:term":[{"taxonomy":"category","embeddable":true,"href":"https:\/\/primicias2262.com\/noticias\/wp-json\/wp\/v2\/categories?post=88994"},{"taxonomy":"post_tag","embeddable":true,"href":"https:\/\/primicias2262.com\/noticias\/wp-json\/wp\/v2\/tags?post=88994"}],"curies":[{"name":"wp","href":"https:\/\/api.w.org\/{rel}","templated":true}]}}