{"id":88997,"date":"2022-04-15T16:35:28","date_gmt":"2022-04-15T19:35:28","guid":{"rendered":"https:\/\/primicias2262.com\/?p=88997"},"modified":"2022-04-15T16:35:28","modified_gmt":"2022-04-15T19:35:28","slug":"se-comprometen-a-trabajar-para-mejorar-la-seguridad-en-tres-escuelas-de-quequen","status":"publish","type":"post","link":"https:\/\/primicias2262.com\/noticias\/se-comprometen-a-trabajar-para-mejorar-la-seguridad-en-tres-escuelas-de-quequen\/","title":{"rendered":"Se comprometen a trabajar para mejorar la seguridad en tres escuelas de Quequ\u00e9n"},"content":{"rendered":"<p>El secretario de Planeamiento, Obras y Servicios P\u00fablicos, Adri\u00e1n Furno, recibi\u00f3 en su despacho a la Jefa Distrital de Educaci\u00f3n, Soledad Moreno, quien se acerc\u00f3 hasta el municipio para plantear algunas problem\u00e1ticas que afectan a algunos establecimientos educativos del partido y cuyas soluciones mejorar\u00edan notablemente la seguridad en distintos sentidos.<\/p>\n<p>Acompa\u00f1ado por el director Operativo del Ente Vial de Necochea, Juan Manuel de la Calle, y por la consejera escolar Silvina Jensen, representante del oficialismo dentro del cuerpo colegiado, el titular de la dependencia cominal escuch\u00f3 con atenci\u00f3n la exposici\u00f3n de la autoridad educativa y se comprometi\u00f3 a comenzar a trazar una agenda en conjunto que tambi\u00e9n incluya gestiones en Provincia.<\/p>\n<p>Entre las necesidades puestas al descubierto, primaron algunas obras que son de extrema urgencia en las escuelas N\u00b0 31, 40 y 49, todas ubicadas en la ciudad de Quequ\u00e9n, donde hacen falta medidas para controlar la velocidad vehicular, por lo que los funcionarios se predispusieron a elaborar un plan que incluya controladores, reductores y se\u00f1alizaci\u00f3n horizontal y vertical, adem\u00e1s de mejoras en la iluminaci\u00f3n frente a cada instituci\u00f3n.<\/p>\n<p>Tambi\u00e9n se plantearon algunas problem\u00e1ticas que afectan a la Escuela T\u00e9cnica N\u00b0 2 y a la Primaria N\u00b0 27 del Barrio Norte, lugares en los que la Jefa Distrital pidi\u00f3 la colaboraci\u00f3n de la comuna para la ejecuci\u00f3n de veredas y el retiro de un \u00e1rbol, entre otros trabajos menores que modificar\u00edan la vida cotidiana de toda la comunidad educativa.<\/p>\n<p>\u201cFue una reuni\u00f3n muy positiva, donde comenzamos a planificar un trabajo en conjunto\u201d, asegur\u00f3 Furno al terminar el encuentro, agregando que \u201cvamos a ver c\u00f3mo hacemos para empezar a encaminar cada uno de los pedidos que nos hicieron, ya que algunos se encuentran en el marco de acci\u00f3n del propio municipio y otros habr\u00e1 que gestionarlos en las \u00e1reas correspondientes de Provincia\u201d.<\/p>\n","protected":false},"excerpt":{"rendered":"<p>El secretario de Planeamiento, Obras y Servicios P\u00fablicos, Adri\u00e1n Furno, recibi\u00f3 en su despacho a la Jefa Distrital de Educaci\u00f3n, Soledad Moreno, quien se acerc\u00f3 hasta el municipio para plantear algunas problem\u00e1ticas que afectan a algunos establecimientos educativos del partido y cuyas soluciones mejorar\u00edan notablemente la seguridad en distintos sentidos. Acompa\u00f1ado por el director Operativo [&hellip;]<\/p>\n","protected":false},"author":3,"featured_media":88998,"comment_status":"closed","ping_status":"closed","sticky":false,"template":"","format":"standard","meta":{"footnotes":""},"categories":[3],"tags":[],"class_list":["post-88997","post","type-post","status-publish","format-standard","has-post-thumbnail","category-masnoticias"],"_links":{"self":[{"href":"https:\/\/primicias2262.com\/noticias\/wp-json\/wp\/v2\/posts\/88997","targetHints":{"allow":["GET"]}}],"collection":[{"href":"https:\/\/primicias2262.com\/noticias\/wp-json\/wp\/v2\/posts"}],"about":[{"href":"https:\/\/primicias2262.com\/noticias\/wp-json\/wp\/v2\/types\/post"}],"author":[{"embeddable":true,"href":"https:\/\/primicias2262.com\/noticias\/wp-json\/wp\/v2\/users\/3"}],"replies":[{"embeddable":true,"href":"https:\/\/primicias2262.com\/noticias\/wp-json\/wp\/v2\/comments?post=88997"}],"version-history":[{"count":0,"href":"https:\/\/primicias2262.com\/noticias\/wp-json\/wp\/v2\/posts\/88997\/revisions"}],"wp:attachment":[{"href":"https:\/\/primicias2262.com\/noticias\/wp-json\/wp\/v2\/media?parent=88997"}],"wp:term":[{"taxonomy":"category","embeddable":true,"href":"https:\/\/primicias2262.com\/noticias\/wp-json\/wp\/v2\/categories?post=88997"},{"taxonomy":"post_tag","embeddable":true,"href":"https:\/\/primicias2262.com\/noticias\/wp-json\/wp\/v2\/tags?post=88997"}],"curies":[{"name":"wp","href":"https:\/\/api.w.org\/{rel}","templated":true}]}}