{"id":89014,"date":"2022-04-16T15:31:59","date_gmt":"2022-04-16T18:31:59","guid":{"rendered":"https:\/\/primicias2262.com\/?p=89014"},"modified":"2022-04-16T15:31:59","modified_gmt":"2022-04-16T18:31:59","slug":"comienza-la-obra-de-reparacion-del-camino-de-la-media-agua","status":"publish","type":"post","link":"https:\/\/primicias2262.com\/noticias\/comienza-la-obra-de-reparacion-del-camino-de-la-media-agua\/","title":{"rendered":"Comienza la obra de reparaci\u00f3n del camino \u00abDe la Media Agua\u00bb"},"content":{"rendered":"<p>Lo anunci\u00f3 la diputada provincial, Natalia S\u00e1nchez Jauregui, en el marco del Plan Estrat\u00e9gico de Mejora de Caminos Rurales que busca fortalecer la circulaci\u00f3n y el transporte de personas y cargas en todo la Provincia.<\/p>\n<p>En este sentido, asegur\u00f3 que \u201cel programa caminos rurales lo venimos siguiendo desde su puesta en marcha y en la inauguraci\u00f3n de distintos tramos y distritos y agreg\u00f3 que \u00able plante\u00e9 al ministro de Producci\u00f3n Agraria la necesidad de llevarlo a Necochea y se logr\u00f3 generar la articulaci\u00f3n\u00bb.<\/p>\n<p>La obra mejorar\u00e1 la transitabilidad, debido a la intensidad del uso que recibe diariamente de veh\u00edculos livianos y pesados y adem\u00e1s, favorecer\u00e1 la conectividad, ya que vincula la mayor\u00eda de los establecimientos rurales costeros hacia la Ruta Nacional 228.<\/p>\n<p>Asimismo, lalegisladora indic\u00f3 que \u201cun camino rural es la conectividad de la zona productiva y el d\u00eda a d\u00eda de la zonas rurales, de los chicos que van a la escuela, del acceso a un centro de salud y la comodidad para las y los trabajadores rurales\u00bb.<\/p>\n<p>\u201cSabemos de la importancia que tiene los caminos rurales que est\u00e9n en condiciones, no s\u00f3lo por lo que tiene que ver con lo productivo sino porque en muchos casos son la \u00fanica posibilidad de acceder a una escuela rural o a un centro de salud\u201d, puntualiz\u00f3.<\/p>\n<p>Otro tema de vital importancia para el sector rural, es la seguridad en los campos y la importancia del proyecto SOS Rural, presentado por S\u00e1nchez Jauregui, que ya cuenta con media sanci\u00f3n y es fundamental su implementaci\u00f3n en el interior de la Provincia.<\/p>\n","protected":false},"excerpt":{"rendered":"<p>Lo anunci\u00f3 la diputada provincial, Natalia S\u00e1nchez Jauregui, en el marco del Plan Estrat\u00e9gico de Mejora de Caminos Rurales que busca fortalecer la circulaci\u00f3n y el transporte de personas y cargas en todo la Provincia. En este sentido, asegur\u00f3 que \u201cel programa caminos rurales lo venimos siguiendo desde su puesta en marcha y en la [&hellip;]<\/p>\n","protected":false},"author":3,"featured_media":89015,"comment_status":"closed","ping_status":"closed","sticky":false,"template":"","format":"standard","meta":{"footnotes":""},"categories":[3],"tags":[],"class_list":["post-89014","post","type-post","status-publish","format-standard","has-post-thumbnail","category-masnoticias"],"_links":{"self":[{"href":"https:\/\/primicias2262.com\/noticias\/wp-json\/wp\/v2\/posts\/89014","targetHints":{"allow":["GET"]}}],"collection":[{"href":"https:\/\/primicias2262.com\/noticias\/wp-json\/wp\/v2\/posts"}],"about":[{"href":"https:\/\/primicias2262.com\/noticias\/wp-json\/wp\/v2\/types\/post"}],"author":[{"embeddable":true,"href":"https:\/\/primicias2262.com\/noticias\/wp-json\/wp\/v2\/users\/3"}],"replies":[{"embeddable":true,"href":"https:\/\/primicias2262.com\/noticias\/wp-json\/wp\/v2\/comments?post=89014"}],"version-history":[{"count":0,"href":"https:\/\/primicias2262.com\/noticias\/wp-json\/wp\/v2\/posts\/89014\/revisions"}],"wp:attachment":[{"href":"https:\/\/primicias2262.com\/noticias\/wp-json\/wp\/v2\/media?parent=89014"}],"wp:term":[{"taxonomy":"category","embeddable":true,"href":"https:\/\/primicias2262.com\/noticias\/wp-json\/wp\/v2\/categories?post=89014"},{"taxonomy":"post_tag","embeddable":true,"href":"https:\/\/primicias2262.com\/noticias\/wp-json\/wp\/v2\/tags?post=89014"}],"curies":[{"name":"wp","href":"https:\/\/api.w.org\/{rel}","templated":true}]}}