{"id":89017,"date":"2022-04-16T17:15:21","date_gmt":"2022-04-16T20:15:21","guid":{"rendered":"https:\/\/primicias2262.com\/?p=89017"},"modified":"2022-04-16T17:15:21","modified_gmt":"2022-04-16T20:15:21","slug":"tc-de-benedictis-arranco-bien-el-fin-de-semana-en-toay-y-castellano-fue-el-mas-rapido","status":"publish","type":"post","link":"https:\/\/primicias2262.com\/noticias\/tc-de-benedictis-arranco-bien-el-fin-de-semana-en-toay-y-castellano-fue-el-mas-rapido\/","title":{"rendered":"TC: De Benedictis arranc\u00f3 bien el fin de semana en Toay y Castellano fue el m\u00e1s r\u00e1pido"},"content":{"rendered":"<p>El piloto Juan Bautista De Benedictis finaliz\u00f3 quinto en la clasificaci\u00f3n general disputada en Toay (La Pampa) y este domingo largar\u00e1 desde la primera fila en la segunda serie junto a Agustin Canapino.<\/p>\n<p>El necochense tuvo un buen desempe\u00f1o este s\u00e1bado ya que, previamente, hab\u00eda sido el m\u00e1s r\u00e1pido en el segundo entrenamiento.<\/p>\n<p>El m\u00e1s r\u00e1pido en la clasificaci\u00f3n general fue el loberense Jonatan Castellano, seguido por Canapino, Juan Cruz Benevnuti, Leonel Pern\u00eda, De Benedictis, Santiado Mangone, Luis Jos\u00e9 Di Palma, Mat\u00edas Rossi, Christian Ramos y Marcelo Agrelo, quienes completaron los diez primeros lugares.<\/p>\n<p>En el TC Pista, Marcos Castro ocup\u00f3 el 8\u00b0 puesto en la clasificaci\u00f3n general, que tuvo como ganador a Marcos Quijada.<\/p>\n","protected":false},"excerpt":{"rendered":"<p>El piloto Juan Bautista De Benedictis finaliz\u00f3 quinto en la clasificaci\u00f3n general disputada en Toay (La Pampa) y este domingo largar\u00e1 desde la primera fila en la segunda serie junto a Agustin Canapino. El necochense tuvo un buen desempe\u00f1o este s\u00e1bado ya que, previamente, hab\u00eda sido el m\u00e1s r\u00e1pido en el segundo entrenamiento. El m\u00e1s [&hellip;]<\/p>\n","protected":false},"author":3,"featured_media":82610,"comment_status":"closed","ping_status":"closed","sticky":false,"template":"","format":"standard","meta":{"footnotes":""},"categories":[3],"tags":[],"class_list":["post-89017","post","type-post","status-publish","format-standard","has-post-thumbnail","category-masnoticias"],"_links":{"self":[{"href":"https:\/\/primicias2262.com\/noticias\/wp-json\/wp\/v2\/posts\/89017","targetHints":{"allow":["GET"]}}],"collection":[{"href":"https:\/\/primicias2262.com\/noticias\/wp-json\/wp\/v2\/posts"}],"about":[{"href":"https:\/\/primicias2262.com\/noticias\/wp-json\/wp\/v2\/types\/post"}],"author":[{"embeddable":true,"href":"https:\/\/primicias2262.com\/noticias\/wp-json\/wp\/v2\/users\/3"}],"replies":[{"embeddable":true,"href":"https:\/\/primicias2262.com\/noticias\/wp-json\/wp\/v2\/comments?post=89017"}],"version-history":[{"count":0,"href":"https:\/\/primicias2262.com\/noticias\/wp-json\/wp\/v2\/posts\/89017\/revisions"}],"wp:attachment":[{"href":"https:\/\/primicias2262.com\/noticias\/wp-json\/wp\/v2\/media?parent=89017"}],"wp:term":[{"taxonomy":"category","embeddable":true,"href":"https:\/\/primicias2262.com\/noticias\/wp-json\/wp\/v2\/categories?post=89017"},{"taxonomy":"post_tag","embeddable":true,"href":"https:\/\/primicias2262.com\/noticias\/wp-json\/wp\/v2\/tags?post=89017"}],"curies":[{"name":"wp","href":"https:\/\/api.w.org\/{rel}","templated":true}]}}