{"id":89019,"date":"2022-04-16T17:43:02","date_gmt":"2022-04-16T20:43:02","guid":{"rendered":"https:\/\/primicias2262.com\/?p=89019"},"modified":"2022-04-16T17:43:02","modified_gmt":"2022-04-16T20:43:02","slug":"remodelar-los-consultorios-externos-la-nueva-meta-de-la-cooperadora-del-hospital-ferreyra","status":"publish","type":"post","link":"https:\/\/primicias2262.com\/noticias\/remodelar-los-consultorios-externos-la-nueva-meta-de-la-cooperadora-del-hospital-ferreyra\/","title":{"rendered":"Remodelar los consultorios externos, la nueva meta de la Cooperadora del Hospital Ferreyra"},"content":{"rendered":"<p>La remodelaci\u00f3n de los consultorios externso, una obra que comenzar\u00eda a desarrollarse en los pr\u00f3ximos d\u00edas, es el nuevo objetivo que tiene por delante la Asociaci\u00f3n Cooperadora del Hospital Municipal \u00abDr. Emilio Ferreyra\u00bb, seg\u00fan indic\u00f3 la presidenta de la instituci\u00f3n Marta de Iriberri.<\/p>\n<p>Luego de analizar proyectos con las autoridades del nosocomio y de la Secretar\u00eda de Salud, explic\u00f3 que \u00abnos han pedido colaboraci\u00f3n para remodelar el sector de los consultorios externos\u00bb, como as\u00ed tambi\u00e9n de dotarlos de nuevo mobiliario dado que est\u00e1 previsto que puedan funcionar tambi\u00e9n en horario vespertino con nuevas especialidades.<\/p>\n<p>Los consultorios externos est\u00e1 a cargo del Dr. Luis Satti y los integrantes de la Cooperadora que est\u00e1n trabajando en el proyecto son Juliana Eliceche, Juan Leoncio Iriberri y Eduardo Corbal\u00e1n, quienes recorrieron el sector junto al profesional.\u00a0 Est\u00e1 previsto que los trabajos comiencen en pocos d\u00edas m\u00e1s.<\/p>\n<p>Marta de Iriberri destac\u00f3 que \u00absiempre procuramos alcanzar los objetivos planteados y este es el m\u00e1s inmediato\u00bb, aunque se\u00f1al\u00f3 que \u00abnuestro sue\u00f1o ser\u00eda comprar un tom\u00f3grafo pero cuesta muy caro\u00bb, aunque no descart\u00f3 que \u00abquiz\u00e1s eso se pueda lograr en alg\u00fan momento\u00bb.<\/p>\n","protected":false},"excerpt":{"rendered":"<p>La remodelaci\u00f3n de los consultorios externso, una obra que comenzar\u00eda a desarrollarse en los pr\u00f3ximos d\u00edas, es el nuevo objetivo que tiene por delante la Asociaci\u00f3n Cooperadora del Hospital Municipal \u00abDr. Emilio Ferreyra\u00bb, seg\u00fan indic\u00f3 la presidenta de la instituci\u00f3n Marta de Iriberri. Luego de analizar proyectos con las autoridades del nosocomio y de la [&hellip;]<\/p>\n","protected":false},"author":3,"featured_media":73935,"comment_status":"closed","ping_status":"closed","sticky":false,"template":"","format":"standard","meta":{"footnotes":""},"categories":[3],"tags":[],"class_list":["post-89019","post","type-post","status-publish","format-standard","has-post-thumbnail","category-masnoticias"],"_links":{"self":[{"href":"https:\/\/primicias2262.com\/noticias\/wp-json\/wp\/v2\/posts\/89019","targetHints":{"allow":["GET"]}}],"collection":[{"href":"https:\/\/primicias2262.com\/noticias\/wp-json\/wp\/v2\/posts"}],"about":[{"href":"https:\/\/primicias2262.com\/noticias\/wp-json\/wp\/v2\/types\/post"}],"author":[{"embeddable":true,"href":"https:\/\/primicias2262.com\/noticias\/wp-json\/wp\/v2\/users\/3"}],"replies":[{"embeddable":true,"href":"https:\/\/primicias2262.com\/noticias\/wp-json\/wp\/v2\/comments?post=89019"}],"version-history":[{"count":0,"href":"https:\/\/primicias2262.com\/noticias\/wp-json\/wp\/v2\/posts\/89019\/revisions"}],"wp:attachment":[{"href":"https:\/\/primicias2262.com\/noticias\/wp-json\/wp\/v2\/media?parent=89019"}],"wp:term":[{"taxonomy":"category","embeddable":true,"href":"https:\/\/primicias2262.com\/noticias\/wp-json\/wp\/v2\/categories?post=89019"},{"taxonomy":"post_tag","embeddable":true,"href":"https:\/\/primicias2262.com\/noticias\/wp-json\/wp\/v2\/tags?post=89019"}],"curies":[{"name":"wp","href":"https:\/\/api.w.org\/{rel}","templated":true}]}}