{"id":89062,"date":"2022-04-10T12:23:39","date_gmt":"2022-04-10T15:23:39","guid":{"rendered":"https:\/\/primicias2262.com\/?p=89062"},"modified":"2022-04-10T12:23:39","modified_gmt":"2022-04-10T15:23:39","slug":"una-multitud-en-la-plaza-dardo-rocha-para-celebrar-las-pascuas","status":"publish","type":"post","link":"https:\/\/primicias2262.com\/noticias\/una-multitud-en-la-plaza-dardo-rocha-para-celebrar-las-pascuas\/","title":{"rendered":"Una multitud en la plaza Dardo Rocha para celebrar las Pascuas"},"content":{"rendered":"<p>La celebraci\u00f3n de las Pascuas tuvo condimentos muy especiales este a\u00f1o en el distrito de Necochea. Luego de un largo tiempo de pandemia en el que los vecinos no hab\u00edan podido disfrutar de un evento de esta envergadura, la familia entera se acerc\u00f3 hasta la Plaza Dardo Rocha a lo largo de cada uno de los d\u00edas feriados de esta Semana Santa, pero en especial en la tarde de este domingo, para compartir un momento de alegr\u00eda y festejar unida.<\/p>\n<p>Cada una de las actividades que se desarrollaron en el espacio p\u00fablico m\u00e1s representativo de la ciudad cabecera contaron con la organizaci\u00f3n conjunta de diversas \u00e1reas de la Municipalidad y entregaron postales que ser\u00e1n recordadas por mucho tiempo.<\/p>\n<p>Con el sol como principal compa\u00f1\u00eda, el \u00faltimo d\u00eda de festejos en la plaza estuvo lleno de color y de sonrisas, que terminaron por darle un gusto especial a esta jornada. Los m\u00e1s peque\u00f1os, visiblemente emocionados y felices, primero salieron en la b\u00fasqueda de huevitos que hab\u00edan sido esparcidos entre los monumentos m\u00e1s emblem\u00e1ticos del lugar, que luego intercambiaron por otros m\u00e1s grandes o algunas deliciosas sorpresas.<\/p>\n<div class=\"wp-block-media-text is-stacked-on-mobile is-vertically-aligned-top\">\n<div class=\"wp-block-media-text is-stacked-on-mobile is-vertically-aligned-top\">\n<div class=\"wp-block-media-text__content\">\n<p>Una de ellas fue M\u00eda, quien, con una expresi\u00f3n de alegr\u00eda plena en su rostro, cont\u00f3 que encontr\u00f3 el tradicional objeto justo detr\u00e1s de un \u00e1rbol. Su mam\u00e1, tras acompa\u00f1arla hasta el escenario para intercambiarlo por un obsequio, destac\u00f3 que la pareci\u00f3 \u201cs\u00faper divertida para nosotros, y en especial para los chicos, esta experiencia, que es distinta y que agradezco que se haga porque nos hace pasar una Pascua especial\u201d.<\/p>\n<p>Siempre escoltados por una r\u00e9plica gigante creada desde el \u00e1rea de Cultura y justo antes de que la Agrupaci\u00f3n \u201cCumel\u00e9n\u201d comenzara a desplegar todo el virtuos\u00edsimo de sus danzas folcl\u00f3ricas arriba del escenario, cinco conejos, vestidos con un inconfundible disfraz amarillo, salieron a recorrer el epicentro del festejo repartiendo golosinas a cada ni\u00f1o y ni\u00f1a que se acercaba para tenerlos cerca.<\/p>\n<\/div>\n<\/div>\n<p>Recorriendo los juegos y talleres que se dispusieron en puntos estrat\u00e9gicos, el secretario de Turismo y Desarrollo Productivo, Mat\u00edas Sierra, uno de los principales promotores del festejo, expres\u00f3 su satisfacci\u00f3n por el desarrollo del evento: \u201ces una felicidad que la familia pueda estar disfrutando de esto\u201d, subray\u00f3.<\/p>\n<p>\u201cLa idea es trabajar con todas las \u00e1reas del municipio para que la plaza se vea distinta, que es un poco el objetivo tambi\u00e9n del intendente Arturo Rojas. Y hoy lo estamos viendo reflejado con el acompa\u00f1amiento de los emprendedores, de los food trucks, que nos dan una mano siempre, y de toda la familia que se dio cita a este evento\u201d, analiz\u00f3 el funcionario.<\/p>\n<\/div>\n","protected":false},"excerpt":{"rendered":"<p>La celebraci\u00f3n de las Pascuas tuvo condimentos muy especiales este a\u00f1o en el distrito de Necochea. Luego de un largo tiempo de pandemia en el que los vecinos no hab\u00edan podido disfrutar de un evento de esta envergadura, la familia entera se acerc\u00f3 hasta la Plaza Dardo Rocha a lo largo de cada uno de [&hellip;]<\/p>\n","protected":false},"author":3,"featured_media":89063,"comment_status":"closed","ping_status":"closed","sticky":false,"template":"","format":"standard","meta":{"footnotes":""},"categories":[6],"tags":[],"class_list":{"0":"post-89062","1":"post","2":"type-post","3":"status-publish","4":"format-standard","5":"has-post-thumbnail","7":"category-portada2"},"_links":{"self":[{"href":"https:\/\/primicias2262.com\/noticias\/wp-json\/wp\/v2\/posts\/89062","targetHints":{"allow":["GET"]}}],"collection":[{"href":"https:\/\/primicias2262.com\/noticias\/wp-json\/wp\/v2\/posts"}],"about":[{"href":"https:\/\/primicias2262.com\/noticias\/wp-json\/wp\/v2\/types\/post"}],"author":[{"embeddable":true,"href":"https:\/\/primicias2262.com\/noticias\/wp-json\/wp\/v2\/users\/3"}],"replies":[{"embeddable":true,"href":"https:\/\/primicias2262.com\/noticias\/wp-json\/wp\/v2\/comments?post=89062"}],"version-history":[{"count":0,"href":"https:\/\/primicias2262.com\/noticias\/wp-json\/wp\/v2\/posts\/89062\/revisions"}],"wp:featuredmedia":[{"embeddable":true,"href":"https:\/\/primicias2262.com\/noticias\/wp-json\/"}],"wp:attachment":[{"href":"https:\/\/primicias2262.com\/noticias\/wp-json\/wp\/v2\/media?parent=89062"}],"wp:term":[{"taxonomy":"category","embeddable":true,"href":"https:\/\/primicias2262.com\/noticias\/wp-json\/wp\/v2\/categories?post=89062"},{"taxonomy":"post_tag","embeddable":true,"href":"https:\/\/primicias2262.com\/noticias\/wp-json\/wp\/v2\/tags?post=89062"}],"curies":[{"name":"wp","href":"https:\/\/api.w.org\/{rel}","templated":true}]}}