{"id":89153,"date":"2022-04-21T09:43:54","date_gmt":"2022-04-21T12:43:54","guid":{"rendered":"https:\/\/primicias2262.com\/?p=89153"},"modified":"2022-04-21T09:43:54","modified_gmt":"2022-04-21T12:43:54","slug":"el-necochense-santino-marchetti-parte-este-jueves-al-nacional-u20-de-atletismo-en-san-luis","status":"publish","type":"post","link":"https:\/\/primicias2262.com\/noticias\/el-necochense-santino-marchetti-parte-este-jueves-al-nacional-u20-de-atletismo-en-san-luis\/","title":{"rendered":"El necochense Santino Marchetti parti\u00f3 hacia el Nacional U20 de atletismo en San Luis"},"content":{"rendered":"<p><strong>Una vez m\u00e1s Necochea vuelve a decir presente en la cita m\u00e1s importante del pa\u00eds para el atletismo, de la mano del joven Santino Marchetti, quien recientemente fue confirmado como parte del equipo de la Provincia de Buenos Aires para competir en el Campeonato Nacional U20 del fin de semana pr\u00f3ximo en San Luis.<\/strong><\/p>\n<p>Con el apoyo de la Direcci\u00f3n de Deportes, a cargo de Guadalupe Hern\u00e1ndez, y acorde a su notable presente competitivo, el atleta de la escuela municipal estar\u00e1 partiendo a la provincia puntana este jueves junto con su entrenador y coordinador de la escuela, Prof. Mauro Cabrera, para correr los 800 metros llanos el pr\u00f3ximo domingo.<\/p>\n<div class=\"wp-block-media-text alignwide is-stacked-on-mobile\">\n<div class=\"wp-block-media-text__content\">\n<p>Sin ocultar su entusiasmo, Santino expres\u00f3 que \u201cespero este Nacional con ansias y creo que llego en el mejor estado en el que puedo estar: f\u00edsicamente me encuentro bien y sobre todo mentalmente, que es lo m\u00e1s importante en este tipo de torneos\u2026 llego muy fuerte en este aspecto\u201d, y asegur\u00f3 que \u201ca este desaf\u00edo lo veo como una nueva oportunidad para intentar demostrar todo el trabajo que venimos haciendo con Mauro Cabrera desde siempre\u201d.<\/p>\n<p>Por su parte, Cabrera sintetiz\u00f3 que \u201cel buen presente de Santino y sus antecedentes fueron m\u00e9ritos para que lo convocara la Secretar\u00eda T\u00e9cnica de la Federaci\u00f3n Atl\u00e9tica de la Provincia de Buenos Aires para estar en el evento de mayor transcendencia nacional, que ser\u00e1 selectivo para torneos internacionales y que ofrece la posibilidad de correr juntos a los mejores exponentes del pa\u00eds\u201d.<\/p>\n<p><a href=\"https:\/\/primicias2262.com\/wp-content\/uploads\/2022\/04\/FOTO-Marchetti-Cabrera.jpeg\"><img loading=\"lazy\" decoding=\"async\" class=\"aligncenter size-full wp-image-89154\" src=\"https:\/\/primicias2262.com\/wp-content\/uploads\/2022\/04\/FOTO-Marchetti-Cabrera.jpeg\" alt=\"\" width=\"1024\" height=\"768\" \/><\/a><\/p>\n<\/div>\n<\/div>\n<p>Vale destacar que Santino -quien ganara la \u00faltima terna de atletismo en la Gran Fiesta del Deporte de nuestra ciudad en 2021-, es el atleta m\u00e1s chico de la categor\u00eda, ya que transcurre su primer a\u00f1o en la divisional U20, y ya es todo un referente de una escuela que en la actualidad cuenta con m\u00e1s de 170 alumnos de todas las edades.<\/p>\n","protected":false},"excerpt":{"rendered":"<p>Una vez m\u00e1s Necochea vuelve a decir presente en la cita m\u00e1s importante del pa\u00eds para el atletismo, de la mano del joven Santino Marchetti, quien recientemente fue confirmado como parte del equipo de la Provincia de Buenos Aires para competir en el Campeonato Nacional U20 del fin de semana pr\u00f3ximo en San Luis. Con [&hellip;]<\/p>\n","protected":false},"author":3,"featured_media":89155,"comment_status":"closed","ping_status":"closed","sticky":false,"template":"","format":"standard","meta":{"footnotes":""},"categories":[3],"tags":[],"class_list":["post-89153","post","type-post","status-publish","format-standard","has-post-thumbnail","category-masnoticias"],"_links":{"self":[{"href":"https:\/\/primicias2262.com\/noticias\/wp-json\/wp\/v2\/posts\/89153","targetHints":{"allow":["GET"]}}],"collection":[{"href":"https:\/\/primicias2262.com\/noticias\/wp-json\/wp\/v2\/posts"}],"about":[{"href":"https:\/\/primicias2262.com\/noticias\/wp-json\/wp\/v2\/types\/post"}],"author":[{"embeddable":true,"href":"https:\/\/primicias2262.com\/noticias\/wp-json\/wp\/v2\/users\/3"}],"replies":[{"embeddable":true,"href":"https:\/\/primicias2262.com\/noticias\/wp-json\/wp\/v2\/comments?post=89153"}],"version-history":[{"count":0,"href":"https:\/\/primicias2262.com\/noticias\/wp-json\/wp\/v2\/posts\/89153\/revisions"}],"wp:attachment":[{"href":"https:\/\/primicias2262.com\/noticias\/wp-json\/wp\/v2\/media?parent=89153"}],"wp:term":[{"taxonomy":"category","embeddable":true,"href":"https:\/\/primicias2262.com\/noticias\/wp-json\/wp\/v2\/categories?post=89153"},{"taxonomy":"post_tag","embeddable":true,"href":"https:\/\/primicias2262.com\/noticias\/wp-json\/wp\/v2\/tags?post=89153"}],"curies":[{"name":"wp","href":"https:\/\/api.w.org\/{rel}","templated":true}]}}