{"id":89161,"date":"2022-04-21T12:16:13","date_gmt":"2022-04-21T15:16:13","guid":{"rendered":"https:\/\/primicias2262.com\/?p=89161"},"modified":"2022-04-21T12:16:13","modified_gmt":"2022-04-21T15:16:13","slug":"gongora-sobre-el-acuerdo-paritario-municipal-esta-demostrado-que-nos-interesa-cuidar-el-bolsillo-del-trabajador","status":"publish","type":"post","link":"https:\/\/primicias2262.com\/noticias\/gongora-sobre-el-acuerdo-paritario-municipal-esta-demostrado-que-nos-interesa-cuidar-el-bolsillo-del-trabajador\/","title":{"rendered":"G\u00f3ngora sobre el acuerdo paritario municipal: \u201cEst\u00e1 demostrado que nos interesa cuidar el bolsillo del trabajador\u201d"},"content":{"rendered":"<p><strong>El Ejecutivo acord\u00f3 ayer un primer aumento del 17% que se har\u00eda efectivo a partir del mes en curso, aunque los sindicatos rechazaron la oferta final que llevaba a un incremento anual del 50% de manera escalonada. \u201cEstamos haciendo un esfuerzo muy grande para no desfinanciar al Estado\u201d, opin\u00f3 la Secretaria de Gobierno.<\/strong><\/p>\n<p>Reunido con los distintos gremios que representan a los trabajadores municipales, el Departamento Ejecutivo acord\u00f3 en la ma\u00f1ana de este mi\u00e9rcoles un primer incremento en los sueldos b\u00e1sicos de sus empleados del 17%, que supera casi en un punto a la inflaci\u00f3n registrada en este primer trimestre, aunque no fue aceptada por los sindicatos la propuesta anual que alcanzaba una suba escalonada del 50% con otras tres etapas complementarias que fijaban aumentos del 13 en julio y del 10 en septiembre y enero pr\u00f3ximos.<\/p>\n<p>En el aire de Voces de la Ciudad, entrevistada por el periodista Jorge G\u00f3mez, la secretaria de Gobierno de la comuna, Gabriel G\u00f3ngora, asegur\u00f3 que \u201cno se trata de un fracaso\u201d, porque \u201clo que hicimos fue plantear una propuesta que cre\u00edamos conveniente dentro del buen di\u00e1logo que tenemos con los sindicatos. Ofrecer un 50% nos parec\u00eda un buen arreglo, cuando han arreglado por el 40 o el 45% en la Provincia, y es el esfuerzo que podemos hacer nosotros pensando en las arcas municipales y en seguir manteniendo los servicios que es lo m\u00e1s importantes, m\u00e1s all\u00e1 de cuidar el buen pago de los trabajadores\u201d.<\/p>\n<p>En cuanto a la reacci\u00f3n de los gremios con respecto al ajuste, la funcionaria contempl\u00f3: \u201cEllos saben a lo que se enfrenta el municipio cuando empieza a despilfarrar o a no manejar los fondos a conciencia, con responsabilidad, y un poco lo que hablamos es esto: no desconocemos que los sueldos son bajos, pero tambi\u00e9n es cierto que estuvieron a\u00f1os las paritarias relegadas y que con nosotros, en estos dos a\u00f1os que llevamos gobernando, el trato ha sido muy bueno en relaci\u00f3n a no faltar a la palabra, en hablar con la verdad sobre la mesa, y creo que es una cualidad del Intendente (Arturo Rojas) en ese sentido\u201d.<\/p>\n<p>\u201cQueremos cuidar el bolsillo del trabajador y las arcas municipales, porque de esa manera tambi\u00e9n estamos respaldando los fondos que nos generan los vecinos. Tenemos que pensar que ac\u00e1 hay alguien que aporta y que los sueldos de los municipales salen de las tasas. Hay todo un circuito que hay que valorar y hacer un justo equilibrio en prestar servicios, que el trabajador est\u00e9 dignificado y el vecino vea que estamos manejando bien sus aportes\u201d, evidenci\u00f3 la titular de una de las \u00e1reas con mayor influencia en el funcionamiento del Ejecutivo.<\/p>\n<p>En cuanto a la justificaci\u00f3n de los sindicatos de demorar el acuerdo final, G\u00f3ngora se\u00f1al\u00f3: \u201cVa a ser muy dif\u00edcil, a c\u00f3mo va la inflaci\u00f3n, llegar a un porcentaje que la iguale\u201d, y remarc\u00f3 que adelantarse a esta situaci\u00f3n es v\u00e1lido para \u201cno generar falsas expectativas en los trabajadores, ni un malentendido con los vecinos\u201d.<\/p>\n<p>\u201cEstamos haciendo un esfuerzo muy grande. La inflaci\u00f3n cerr\u00f3 (este primer trimestre) en un 16,1% y terminamos acordando un 17 de aumento. Est\u00e1 m\u00e1s que demostrado que nos interesa cuidar el bolsillo del trabajador, pero tambi\u00e9n tenemos que reconocer que es un esfuerzo muy grande el que estamos haciendo para no desfinanciar al Estado municipal\u201d, concluy\u00f3 la secretaria en el ma\u00f1ana de la FM Vinilo 103.5 MHz.<\/p>\n","protected":false},"excerpt":{"rendered":"<p>El Ejecutivo acord\u00f3 ayer un primer aumento del 17% que se har\u00eda efectivo a partir del mes en curso, aunque los sindicatos rechazaron la oferta final que llevaba a un incremento anual del 50% de manera escalonada. \u201cEstamos haciendo un esfuerzo muy grande para no desfinanciar al Estado\u201d, opin\u00f3 la Secretaria de Gobierno. Reunido con [&hellip;]<\/p>\n","protected":false},"author":3,"featured_media":87810,"comment_status":"closed","ping_status":"closed","sticky":false,"template":"","format":"standard","meta":{"footnotes":""},"categories":[3],"tags":[],"class_list":["post-89161","post","type-post","status-publish","format-standard","has-post-thumbnail","category-masnoticias"],"_links":{"self":[{"href":"https:\/\/primicias2262.com\/noticias\/wp-json\/wp\/v2\/posts\/89161","targetHints":{"allow":["GET"]}}],"collection":[{"href":"https:\/\/primicias2262.com\/noticias\/wp-json\/wp\/v2\/posts"}],"about":[{"href":"https:\/\/primicias2262.com\/noticias\/wp-json\/wp\/v2\/types\/post"}],"author":[{"embeddable":true,"href":"https:\/\/primicias2262.com\/noticias\/wp-json\/wp\/v2\/users\/3"}],"replies":[{"embeddable":true,"href":"https:\/\/primicias2262.com\/noticias\/wp-json\/wp\/v2\/comments?post=89161"}],"version-history":[{"count":0,"href":"https:\/\/primicias2262.com\/noticias\/wp-json\/wp\/v2\/posts\/89161\/revisions"}],"wp:attachment":[{"href":"https:\/\/primicias2262.com\/noticias\/wp-json\/wp\/v2\/media?parent=89161"}],"wp:term":[{"taxonomy":"category","embeddable":true,"href":"https:\/\/primicias2262.com\/noticias\/wp-json\/wp\/v2\/categories?post=89161"},{"taxonomy":"post_tag","embeddable":true,"href":"https:\/\/primicias2262.com\/noticias\/wp-json\/wp\/v2\/tags?post=89161"}],"curies":[{"name":"wp","href":"https:\/\/api.w.org\/{rel}","templated":true}]}}