{"id":89167,"date":"2022-04-22T08:51:01","date_gmt":"2022-04-22T11:51:01","guid":{"rendered":"https:\/\/primicias2262.com\/?p=89167"},"modified":"2022-04-22T08:51:01","modified_gmt":"2022-04-22T11:51:01","slug":"congreso-de-salud-es-injusto-que-municipios-como-el-nuestro-inviertan-mas-del-40-en-hospitales","status":"publish","type":"post","link":"https:\/\/primicias2262.com\/noticias\/congreso-de-salud-es-injusto-que-municipios-como-el-nuestro-inviertan-mas-del-40-en-hospitales\/","title":{"rendered":"Congreso de Salud: \u201cEs injusto que municipios como el nuestro inviertan m\u00e1s del 40% en hospitales\u201d"},"content":{"rendered":"<p><strong>En el marco del Congreso Provincial de Salud, en el Hotel UTHGRA de Mar del Plata, el intendente Arturo Rojas expuso ante los presentes esta tarde, puntualmente en la Asamblea del Consejo a trav\u00e9s de la cual qued\u00f3 constituido que Necochea tenga representaci\u00f3n en la mesa ejecutiva.<\/strong><\/p>\n<p>Ante representantes de los 105 municipios bonaerenses que participan, de los 135 que hay en la Provincia, el jefe comunal bas\u00f3 su discurso en lo que dej\u00f3 la pandemia y en determinar pol\u00edticas publicas superada la misma de a poco, momento en el que valor\u00f3 \u201cel trabajo en conjunto y casi diario que hicimos con Naci\u00f3n y Provincia\u201d para afrontarla.<\/p>\n<p>R\u00e1pidamente, la m\u00e1xima autoridad explic\u00f3 que \u201cme toca estar al frente de un municipio en el que gran parte de la salud se atiende en los hospitales municipales, casi como \u00fanico efector\u201d.<\/p>\n<p>En el anterior lineamiento, apunt\u00f3 Rojas que \u201cesto es algo que tenemos que empezar a poner en discusi\u00f3n, esto de que un municipio como Necochea tenga que invertir m\u00e1s del 40% de los recursos en salud en los tres hospitales p\u00fablicos y en los 15 centros de atenci\u00f3n primaria, y que aun as\u00ed no alcanza, porque adem\u00e1s hay que hacer un esfuerzo enorme para conseguir cirujanos, anestesistas, problem\u00e1ticas que tenemos hace much\u00edsimo tiempo, y en ese aspecto los intendentes terminamos pagando lo que les parezca, lo que nos genera un desfasaje en el presupuesto municipal\u201d.<\/p>\n<p>\u201cFelicito el poder empezar a pensar la pos pandemia porque creo que hay cosas que no est\u00e1n funcionando, y me parece sumamente injusto que municipios como el nuestro inviertan m\u00e1s del 40% de la salud en hospitales que alguna vez fueron provinciales y que fueron transferidos a los municipios con aplausos enormes\u201d ampli\u00f3 en su concepto el Intendente.<\/p>\n<p>En definitiva, el jefe comunal puso de relieve \u201cla buena predisposici\u00f3n del Gobernador (Axel Kicillof) y del Ministro de Salud (Nicol\u00e1s Kreplak) para empezar a trabajar en tener una integraci\u00f3n aunque sea de nuestro hospital municipal que ya es zonal casi, algo que venimos planteando desde hace tiempo\u201d.<\/p>\n<p><a href=\"https:\/\/primicias2262.com\/wp-content\/uploads\/2022\/04\/FOTO-congreso-salud-Rojas2.jpeg\"><img loading=\"lazy\" decoding=\"async\" class=\"aligncenter size-full wp-image-89170\" src=\"https:\/\/primicias2262.com\/wp-content\/uploads\/2022\/04\/FOTO-congreso-salud-Rojas2.jpeg\" alt=\"\" width=\"1080\" height=\"720\" \/><\/a><\/p>\n<p>En otro orden, y para cerrar, Rojas manifest\u00f3 que \u201cdebemos tambi\u00e9n empezar a rediscutir c\u00f3mo se distribuye la coparticipaci\u00f3n y el tema de las obras sociales, porque si bien es una cuesti\u00f3n de suma cero nos encontramos con que algunos distritos, y no voy a se\u00f1alar a nadie en especial, hicieron muy mal las cosas durante la pandemia y terminaron siendo beneficiados, lo que me parece sumamente injusto\u201d.<\/p>\n<p>Cabe destacar que en representaci\u00f3n del jefe comunal, estuvo durante estas jornadas la secretaria de Salud, Andrea Perestiuk, quien particip\u00f3 de las mesas de trabajo impuestas en este congreso que, vale decir, se conform\u00f3 en el a\u00f1o 2008 pero que desde el 2015 no se reun\u00eda.<\/p>\n<p>Adem\u00e1s, el Intendente y la funcionaria quedaron con el mencionado ministro Kreplak y con su jefe de Gabinete, Salvador Giorgi, en el contexto de una reuni\u00f3n que mantuvieron algunos minutos, dar el prime paso y empezar a intercambiar informaci\u00f3n para llegar a integrar a la Provincia al menos los sueldos de los trabajadores del Hospital Dr. Emilio Ferreyra que, como bien expuso el jefe comunal, se llevan buena parte del presupuesto, adem\u00e1s del casi 80% de las horas extras que se abonan a mitad de mes.<\/p>\n","protected":false},"excerpt":{"rendered":"<p>En el marco del Congreso Provincial de Salud, en el Hotel UTHGRA de Mar del Plata, el intendente Arturo Rojas expuso ante los presentes esta tarde, puntualmente en la Asamblea del Consejo a trav\u00e9s de la cual qued\u00f3 constituido que Necochea tenga representaci\u00f3n en la mesa ejecutiva. Ante representantes de los 105 municipios bonaerenses que [&hellip;]<\/p>\n","protected":false},"author":3,"featured_media":89169,"comment_status":"closed","ping_status":"closed","sticky":false,"template":"","format":"standard","meta":{"footnotes":""},"categories":[3],"tags":[],"class_list":["post-89167","post","type-post","status-publish","format-standard","has-post-thumbnail","category-masnoticias"],"_links":{"self":[{"href":"https:\/\/primicias2262.com\/noticias\/wp-json\/wp\/v2\/posts\/89167","targetHints":{"allow":["GET"]}}],"collection":[{"href":"https:\/\/primicias2262.com\/noticias\/wp-json\/wp\/v2\/posts"}],"about":[{"href":"https:\/\/primicias2262.com\/noticias\/wp-json\/wp\/v2\/types\/post"}],"author":[{"embeddable":true,"href":"https:\/\/primicias2262.com\/noticias\/wp-json\/wp\/v2\/users\/3"}],"replies":[{"embeddable":true,"href":"https:\/\/primicias2262.com\/noticias\/wp-json\/wp\/v2\/comments?post=89167"}],"version-history":[{"count":0,"href":"https:\/\/primicias2262.com\/noticias\/wp-json\/wp\/v2\/posts\/89167\/revisions"}],"wp:attachment":[{"href":"https:\/\/primicias2262.com\/noticias\/wp-json\/wp\/v2\/media?parent=89167"}],"wp:term":[{"taxonomy":"category","embeddable":true,"href":"https:\/\/primicias2262.com\/noticias\/wp-json\/wp\/v2\/categories?post=89167"},{"taxonomy":"post_tag","embeddable":true,"href":"https:\/\/primicias2262.com\/noticias\/wp-json\/wp\/v2\/tags?post=89167"}],"curies":[{"name":"wp","href":"https:\/\/api.w.org\/{rel}","templated":true}]}}