{"id":89173,"date":"2022-04-22T08:56:13","date_gmt":"2022-04-22T11:56:13","guid":{"rendered":"https:\/\/primicias2262.com\/?p=89173"},"modified":"2022-04-22T08:56:13","modified_gmt":"2022-04-22T11:56:13","slug":"el-jardin-no-917-de-los-girasoles-celebro-su-25o-aniversario","status":"publish","type":"post","link":"https:\/\/primicias2262.com\/noticias\/el-jardin-no-917-de-los-girasoles-celebro-su-25o-aniversario\/","title":{"rendered":"El Jard\u00edn N\u00ba 917 \u00abDe Los Girasoles\u00bb celebr\u00f3 su 25\u00ba aniversario"},"content":{"rendered":"<div class=\"wp-block-media-text alignwide is-stacked-on-mobile\">\n<div class=\"wp-block-media-text__content\">\n<p><strong>A 25 a\u00f1os del establecimiento en la ciudad del Jard\u00edn de Infantes N\u00ba 917 \u201cDe Los Girasoles\u201d, el municipio acompa\u00f1\u00f3 el acto de celebraci\u00f3n de la instituci\u00f3n educativa que naci\u00f3 de la mano de la Escuela Primaria N\u00ba 12 y que actualmente tiene su edificio en calle 49 entre 56 y 58.<\/strong><\/p>\n<p>En representaci\u00f3n del intendente Arturo Rojas (ausente por compromisos fuera de la ciudad), estuvieron la secretaria de Desarrollo Humano y Pol\u00edticas Sociales, Sandra Antenucci; y la directora de Educaci\u00f3n, Mariela Cellerino, quienes en el comienzo de la ceremonia descubrieron una placa que la comuna le ofrend\u00f3 al jard\u00edn, junto a la directora del mismo, Graciela Moreno, y la presidenta del Consejo Escolar de Necochea, Paula Arg\u00fcello.<\/p>\n<\/div>\n<\/div>\n<p>Tras el descubrimiento de las placas, del nuevo cartel que se encuentra a la entrada de la instituci\u00f3n y la bienvenida a las banderas de ceremonia de las instituciones educativas que acompa\u00f1aron la jornada festiva, se procedi\u00f3 al segmento de las palabras alusivas, llevadas adelante por la mencionada directora del jard\u00edn; la exdirectora Ana Julia Rom\u00e1n y la directora de Educaci\u00f3n, Mariela Cellerino, quien transmiti\u00f3 el saludo brindado por el Intendente.<\/p>\n<p>\u201cNo s\u00f3lo se cumplen 25 a\u00f1os de este querido jard\u00edn, sino tambi\u00e9n del compromiso de todos ustedes que d\u00eda a d\u00eda, con esfuerzo y dedicaci\u00f3n, trabajan en el primer tramo de escolaridad de los m\u00e1s chicos\u201d, expres\u00f3 Cellerino a trav\u00e9s del texto enviado por Rojas.<\/p>\n<p>Mientras tanto, la directora Graciela Moreno expres\u00f3 que \u201chace 25 a\u00f1os comenz\u00f3 a germinar una semilla de fe y alegr\u00eda con el equipo institucional de la Escuela Primaria N\u00ba 12, y con el correr de los a\u00f1os este jard\u00edn se dio lugar y floreci\u00f3 en cada uno de los alumnos que recorrieron sus pasillos\u201d, al tiempo que la exdirectora, Ana Julia Rom\u00e1n, resalt\u00f3 \u201cla impronta del trabajo denodado de cada una de las docentes que pasaron por aqu\u00ed\u201d.<\/p>\n<p><a href=\"https:\/\/primicias2262.com\/wp-content\/uploads\/2022\/04\/FOTO-placa-Jardin-917.jpeg\"><img loading=\"lazy\" decoding=\"async\" class=\"aligncenter size-full wp-image-89175\" src=\"https:\/\/primicias2262.com\/wp-content\/uploads\/2022\/04\/FOTO-placa-Jardin-917.jpeg\" alt=\"\" width=\"1280\" height=\"853\" \/><\/a><\/p>\n<p>Durante el acto, se destac\u00f3 la presencia tambi\u00e9n de la Jefa Distrital de Educaci\u00f3n, Soledad Moreno, adem\u00e1s de inspectoras del nivel inicial y de distintos niveles, modalidades y de Gesti\u00f3n privada; como as\u00ed de consejeros escolares y de un gran n\u00famero de familias que conforman la comunidad educativa del Jard\u00edn de Infantes N\u00ba 917.<\/p>\n","protected":false},"excerpt":{"rendered":"<p>A 25 a\u00f1os del establecimiento en la ciudad del Jard\u00edn de Infantes N\u00ba 917 \u201cDe Los Girasoles\u201d, el municipio acompa\u00f1\u00f3 el acto de celebraci\u00f3n de la instituci\u00f3n educativa que naci\u00f3 de la mano de la Escuela Primaria N\u00ba 12 y que actualmente tiene su edificio en calle 49 entre 56 y 58. En representaci\u00f3n del [&hellip;]<\/p>\n","protected":false},"author":3,"featured_media":89174,"comment_status":"closed","ping_status":"closed","sticky":false,"template":"","format":"standard","meta":{"footnotes":""},"categories":[3],"tags":[],"class_list":["post-89173","post","type-post","status-publish","format-standard","has-post-thumbnail","category-masnoticias"],"_links":{"self":[{"href":"https:\/\/primicias2262.com\/noticias\/wp-json\/wp\/v2\/posts\/89173","targetHints":{"allow":["GET"]}}],"collection":[{"href":"https:\/\/primicias2262.com\/noticias\/wp-json\/wp\/v2\/posts"}],"about":[{"href":"https:\/\/primicias2262.com\/noticias\/wp-json\/wp\/v2\/types\/post"}],"author":[{"embeddable":true,"href":"https:\/\/primicias2262.com\/noticias\/wp-json\/wp\/v2\/users\/3"}],"replies":[{"embeddable":true,"href":"https:\/\/primicias2262.com\/noticias\/wp-json\/wp\/v2\/comments?post=89173"}],"version-history":[{"count":0,"href":"https:\/\/primicias2262.com\/noticias\/wp-json\/wp\/v2\/posts\/89173\/revisions"}],"wp:attachment":[{"href":"https:\/\/primicias2262.com\/noticias\/wp-json\/wp\/v2\/media?parent=89173"}],"wp:term":[{"taxonomy":"category","embeddable":true,"href":"https:\/\/primicias2262.com\/noticias\/wp-json\/wp\/v2\/categories?post=89173"},{"taxonomy":"post_tag","embeddable":true,"href":"https:\/\/primicias2262.com\/noticias\/wp-json\/wp\/v2\/tags?post=89173"}],"curies":[{"name":"wp","href":"https:\/\/api.w.org\/{rel}","templated":true}]}}