{"id":89197,"date":"2022-04-22T17:50:59","date_gmt":"2022-04-22T20:50:59","guid":{"rendered":"https:\/\/primicias2262.com\/?p=89197"},"modified":"2022-04-22T17:50:59","modified_gmt":"2022-04-22T20:50:59","slug":"uta-anuncio-un-paro-de-48-horas-que-afectaria-al-servicio-de-transporte-urbano-de-pasajeros","status":"publish","type":"post","link":"https:\/\/primicias2262.com\/noticias\/uta-anuncio-un-paro-de-48-horas-que-afectaria-al-servicio-de-transporte-urbano-de-pasajeros\/","title":{"rendered":"UTA anunci\u00f3 un paro de 48 horas que afectar\u00eda al servicio de transporte urbano de pasajeros"},"content":{"rendered":"<p><strong>La novedad fue confirmada en el aire de Voces de la Ciudad por Mar\u00eda In\u00e9s Lesca, contadora y vocera de la Compa\u00f1\u00eda de Transportes Necochea. La medida de fuerza, en reclamo por las paritarias, comenzar\u00eda el martes 26 de abril, desde las 0, y se extender\u00eda hasta la noche del mi\u00e9rcoles 27.<\/strong><\/p>\n<p>La Uni\u00f3n Tranviarios Automotor (UTA) anunci\u00f3 este mi\u00e9rcoles un paro de 48 horas para colectivos de corta y media distancia del interior del pa\u00eds, que se har\u00eda efectivo desde las 0 del pr\u00f3ximo martes 26 de abril, que afectar\u00eda tambi\u00e9n al servicio urbano, seg\u00fan confirm\u00f3 en el aire de Voces de la Ciudad la contadora Mar\u00eda In\u00e9s Lesca, vocera de la Compa\u00f1\u00eda de Transportes Necochea.<\/p>\n<p>La medida de fuerza, que se extender\u00eda hasta la noche del mi\u00e9rcoles 27 de no llegar a un acuerdo con la patronal, tiene por objetivo el reclamo del \u201caumento salarial para los trabajadores del transporte de pasajeros del interior del pa\u00eds\u201d, tal como describe el documento firmado por el secretario General del sindicato, Roberto Carlos Fern\u00e1ndez.<\/p>\n<p>\u201cNo vamos a permitir salarios por debajo de la inflaci\u00f3n, ni haberes inferiores en el interior, a los de la denominada \u00c1rea Metropolitana de Buenos Aires\u201d, sentencia el escrito que fue enviado a los medios de comunicaci\u00f3n nacionales, tanto como a las empresas sobre las que pesar\u00eda el reclamo.<\/p>\n<p>En una entrevista exclusiva con Jorge G\u00f3mez, conducto del ciclo radial que se emite en las ma\u00f1anas de la FM Vinilo 103.5 MHz, la representante de la compa\u00f1\u00eda local confirm\u00f3 que, \u201cde no llegar a un acuerdo paritario, puede que se vea afectado el servicio, est\u00e1 en cada empleado adherirse al paro o no\u201d.<\/p>\n<p>La profesional constat\u00f3 tambi\u00e9n que el servicio urbano \u201centrar\u00eda dentro de la categor\u00eda corta distancia\u201d, y que el sustento del conflicto reside en la pretensi\u00f3n de los l\u00edderes gremiales de \u201cigualar a los sueldos del AMBA, de acuerdo a la notificaci\u00f3n que nos lleg\u00f3\u201d.<\/p>\n<p>Antes de anunciarse la medida, el ministro de Transporte de la Provincia de Buenos Aires, Jorge D&#8217;Onofrio, hab\u00eda declarado en un medio nacional sobre este cese de actividades que \u201cla provincia de Buenos Aires estaba debiendo un retroactivo de octubre, que durante esta ma\u00f1ana (del jueves 21) se est\u00e1 pagando, as\u00ed que no hay motivo para que este lock out patronal, porque no es un paro, se lleve a cabo\u201d.<\/p>\n","protected":false},"excerpt":{"rendered":"<p>La novedad fue confirmada en el aire de Voces de la Ciudad por Mar\u00eda In\u00e9s Lesca, contadora y vocera de la Compa\u00f1\u00eda de Transportes Necochea. La medida de fuerza, en reclamo por las paritarias, comenzar\u00eda el martes 26 de abril, desde las 0, y se extender\u00eda hasta la noche del mi\u00e9rcoles 27. La Uni\u00f3n Tranviarios [&hellip;]<\/p>\n","protected":false},"author":3,"featured_media":83052,"comment_status":"closed","ping_status":"closed","sticky":false,"template":"","format":"standard","meta":{"footnotes":""},"categories":[3],"tags":[],"class_list":["post-89197","post","type-post","status-publish","format-standard","has-post-thumbnail","category-masnoticias"],"_links":{"self":[{"href":"https:\/\/primicias2262.com\/noticias\/wp-json\/wp\/v2\/posts\/89197","targetHints":{"allow":["GET"]}}],"collection":[{"href":"https:\/\/primicias2262.com\/noticias\/wp-json\/wp\/v2\/posts"}],"about":[{"href":"https:\/\/primicias2262.com\/noticias\/wp-json\/wp\/v2\/types\/post"}],"author":[{"embeddable":true,"href":"https:\/\/primicias2262.com\/noticias\/wp-json\/wp\/v2\/users\/3"}],"replies":[{"embeddable":true,"href":"https:\/\/primicias2262.com\/noticias\/wp-json\/wp\/v2\/comments?post=89197"}],"version-history":[{"count":0,"href":"https:\/\/primicias2262.com\/noticias\/wp-json\/wp\/v2\/posts\/89197\/revisions"}],"wp:attachment":[{"href":"https:\/\/primicias2262.com\/noticias\/wp-json\/wp\/v2\/media?parent=89197"}],"wp:term":[{"taxonomy":"category","embeddable":true,"href":"https:\/\/primicias2262.com\/noticias\/wp-json\/wp\/v2\/categories?post=89197"},{"taxonomy":"post_tag","embeddable":true,"href":"https:\/\/primicias2262.com\/noticias\/wp-json\/wp\/v2\/tags?post=89197"}],"curies":[{"name":"wp","href":"https:\/\/api.w.org\/{rel}","templated":true}]}}