{"id":89202,"date":"2022-04-22T18:35:48","date_gmt":"2022-04-22T21:35:48","guid":{"rendered":"https:\/\/primicias2262.com\/?p=89202"},"modified":"2022-04-22T18:35:48","modified_gmt":"2022-04-22T21:35:48","slug":"el-patin-artistico-de-huracan-afronta-su-primer-torneo-del-ano-por-la-asociacion-marplatense","status":"publish","type":"post","link":"https:\/\/primicias2262.com\/noticias\/el-patin-artistico-de-huracan-afronta-su-primer-torneo-del-ano-por-la-asociacion-marplatense\/","title":{"rendered":"El pat\u00edn art\u00edstico de Hurac\u00e1n afronta su primer torneo del a\u00f1o por la Asociaci\u00f3n Marplatense"},"content":{"rendered":"<p><strong>Las entrenadas por Florencia Mart\u00edn competir\u00e1n en diferentes categor\u00edas este fin de semana en la sede del Club Atl\u00e9tico Mar del Plata.<\/strong><\/p>\n<p>Tras un auspicioso 2021 de representaci\u00f3n regional, y una muy buena pretemporada durante el \u00faltimo verano, el pat\u00edn art\u00edstico del Club Hurac\u00e1n pone primera a sus ilusiones sobre ruedas este fin de semana por la Asociaci\u00f3n Marplatense de Pat\u00edn.<\/p>\n<p>La cita ser\u00e1 en el Club Atl\u00e9tico Mar del Plata de la vecina ciudad atl\u00e1ntica, donde la delegaci\u00f3n encabezada por la t\u00e9cnica Florencia Mart\u00edn estar\u00e1 integrada por 19 patinadoras de distintas categor\u00edas.<\/p>\n<p><a href=\"https:\/\/primicias2262.com\/wp-content\/uploads\/2022\/04\/IMG-20220422-WA0006.jpg\"><img loading=\"lazy\" decoding=\"async\" class=\"aligncenter size-full wp-image-89203\" src=\"https:\/\/primicias2262.com\/wp-content\/uploads\/2022\/04\/IMG-20220422-WA0006.jpg\" alt=\"\" width=\"1280\" height=\"853\" \/><\/a><\/p>\n<p>Vale destacar que en la actualidad, m\u00e1s all\u00e1 del grupo de competencia, la escuela de pat\u00edn art\u00edstico del Club Hurac\u00e1n cuenta con alrededor de 70 patinadoras desde los 5 a\u00f1os hasta adultas.<\/p>\n<p><strong>A continuaci\u00f3n, el listado de las chicas de Hurac\u00e1n que compiten este \u2018finde\u2019 en Mar del Plata:<\/strong><\/p>\n<p><strong>Formativa<\/strong><\/p>\n<p>Brisa Gigena<br \/>\nLuc\u00eda Sarasola<br \/>\nFranchesca Vi\u00f1uela<\/p>\n<p><strong>C Quinta<\/strong><\/p>\n<p>P\u00eda Zabaleta<br \/>\nSof\u00eda Cejas<br \/>\nVictoria Ramos<\/p>\n<p><strong>C Cuarta<\/strong><\/p>\n<p>Eliana Otero<br \/>\nFlorencia Araujo<br \/>\nZafiro Acu\u00f1a Enciso<br \/>\nNaiquen Russo<br \/>\nAna Sof\u00eda Rasmussen<br \/>\nZoe Moreno<\/p>\n<p><strong>C Tercera<\/strong><\/p>\n<p>Martina Iphar Garc\u00eda<br \/>\nTatiana Rautto<br \/>\nVictoria L\u00f3pez Denegri<br \/>\nZoe Alberca<\/p>\n<p><strong>C Segunda<\/strong><\/p>\n<p>Candela Cajaravilla<\/p>\n<p><strong>B Promocional<\/strong><\/p>\n<p>Agustina Rodr\u00edguez<\/p>\n<p><a href=\"https:\/\/primicias2262.com\/wp-content\/uploads\/2022\/04\/IMG-20220422-WA0009.jpg\"><img loading=\"lazy\" decoding=\"async\" class=\"aligncenter size-full wp-image-89205\" src=\"https:\/\/primicias2262.com\/wp-content\/uploads\/2022\/04\/IMG-20220422-WA0009.jpg\" alt=\"\" width=\"1280\" height=\"853\" \/><\/a><\/p>\n","protected":false},"excerpt":{"rendered":"<p>Las entrenadas por Florencia Mart\u00edn competir\u00e1n en diferentes categor\u00edas este fin de semana en la sede del Club Atl\u00e9tico Mar del Plata. Tras un auspicioso 2021 de representaci\u00f3n regional, y una muy buena pretemporada durante el \u00faltimo verano, el pat\u00edn art\u00edstico del Club Hurac\u00e1n pone primera a sus ilusiones sobre ruedas este fin de semana [&hellip;]<\/p>\n","protected":false},"author":3,"featured_media":89204,"comment_status":"closed","ping_status":"closed","sticky":false,"template":"","format":"standard","meta":{"footnotes":""},"categories":[3],"tags":[],"class_list":["post-89202","post","type-post","status-publish","format-standard","has-post-thumbnail","category-masnoticias"],"_links":{"self":[{"href":"https:\/\/primicias2262.com\/noticias\/wp-json\/wp\/v2\/posts\/89202","targetHints":{"allow":["GET"]}}],"collection":[{"href":"https:\/\/primicias2262.com\/noticias\/wp-json\/wp\/v2\/posts"}],"about":[{"href":"https:\/\/primicias2262.com\/noticias\/wp-json\/wp\/v2\/types\/post"}],"author":[{"embeddable":true,"href":"https:\/\/primicias2262.com\/noticias\/wp-json\/wp\/v2\/users\/3"}],"replies":[{"embeddable":true,"href":"https:\/\/primicias2262.com\/noticias\/wp-json\/wp\/v2\/comments?post=89202"}],"version-history":[{"count":0,"href":"https:\/\/primicias2262.com\/noticias\/wp-json\/wp\/v2\/posts\/89202\/revisions"}],"wp:attachment":[{"href":"https:\/\/primicias2262.com\/noticias\/wp-json\/wp\/v2\/media?parent=89202"}],"wp:term":[{"taxonomy":"category","embeddable":true,"href":"https:\/\/primicias2262.com\/noticias\/wp-json\/wp\/v2\/categories?post=89202"},{"taxonomy":"post_tag","embeddable":true,"href":"https:\/\/primicias2262.com\/noticias\/wp-json\/wp\/v2\/tags?post=89202"}],"curies":[{"name":"wp","href":"https:\/\/api.w.org\/{rel}","templated":true}]}}