{"id":89225,"date":"2022-04-23T16:55:55","date_gmt":"2022-04-23T19:55:55","guid":{"rendered":"https:\/\/primicias2262.com\/?p=89225"},"modified":"2022-04-23T16:55:55","modified_gmt":"2022-04-23T19:55:55","slug":"los-bancarios-anunciaron-un-paro-de-24-horas-por-un-desacuerdo-en-las-paritarias-salariales","status":"publish","type":"post","link":"https:\/\/primicias2262.com\/noticias\/los-bancarios-anunciaron-un-paro-de-24-horas-por-un-desacuerdo-en-las-paritarias-salariales\/","title":{"rendered":"Los bancarios anunciaron un paro de 24 horas por un desacuerdo en las paritarias salariales"},"content":{"rendered":"<p>La medida de fuerza tendr\u00e1 lugar el jueves 28 y fue confirmada en el aire de Voces de la Ciudad por Demian Ledesma, representante local de los trabajadores bancarios. El gremialista tambi\u00e9n habl\u00f3 del robo que sufri\u00f3 la sede de la Asociaci\u00f3n y de la futura conducci\u00f3n de la CGT, que encabezar\u00e1 en un binomio junto a Oscar Peralta.<\/p>\n<p>Sobre la medida de fuerza, entrevistado por Jorge G\u00f3mez para la tira matutina Voces de la Ciudad, Ledesma detall\u00f3 que se trata de \u201cun paro de 24 horas\u201d, debido a un \u201cproceso de negociaci\u00f3n paritaria que llevamos adelante desde enero, donde conseguimos una suma puente por el primer trimestre y, ahora, en el retome de la negociaci\u00f3n, no hemos encontrado la mejor de las voluntades de parte del sector patronal para llegar a un acuerdo que nos permita sostener el poder adquisitivo del salario\u00bb.<\/p>\n<p>\u201cEn este estado de situaci\u00f3n, lamentablemente tenemos que llegar a una medida de fuerza\u201d, que no hubiera sido la opci\u00f3n elegida por el gremio, por lo que \u201chemos tomado como iniciativa hacer el anuncio con 8 d\u00edas de anticipaci\u00f3n para que las entidades financieras articulen los medios necesarios para que el impacto en el p\u00fablico usuario no sea tan grave y no terminemos siendo titular de alg\u00fan medio de comunicaci\u00f3n por el perjuicio que ocasiona una medida de fuerza\u201d.<\/p>\n<p>Destac\u00f3 que tambi\u00e9n \u201chay otras cuestiones que se discuten\u201d en la paritaria, como la regulaci\u00f3n de la Ley de Teletrabajo, cuya falta ha llegado a provocar \u201cabusos empresarios\u201d, Ledesma record\u00f3 que la actividad \u201ces una de las que mayores m\u00e1rgenes de rentabilidad y ganancias ha generado, aun en pandemia, cuando otras tienen alg\u00fan margen de negociaci\u00f3n en cuanto al rendimiento que la actividad en s\u00ed misma provoca, la financiera no tiene esa dificultad, todo lo contario\u201d.<\/p>\n<p>Concluida esta explicaci\u00f3n, el titular de \u201cLa Bancaria\u201d habl\u00f3 del robo que sufri\u00f3 horas atr\u00e1s la sede con la que cuenta la entidad gremial, en calle 65 al 2900, hecho que termin\u00f3 con la sustracci\u00f3n de electrodom\u00e9sticos varios y la rotura de aberturas. \u201cLo m\u00e1s lamentable son los da\u00f1os, porque para entrar rompieron mucho\u201d, detall\u00f3, asegurando que ya se realiz\u00f3 la denuncia pertinente y la Polic\u00eda Cient\u00edfica se aboca a la recolecci\u00f3n de huellas. \u201cTenemos que hacer las reparaciones y continuar, no hay que quedarse atados a estos episodios\u201d, reflexion\u00f3 al respecto.<\/p>\n<p><strong>Un binomio para conducir a la CGT<\/strong><\/p>\n<p>Por \u00faltimo, el sindicalista tambi\u00e9n habl\u00f3 de la actualidad que atraviesa la conducci\u00f3n de la CGT local, luego de una reuni\u00f3n que se concret\u00f3 este mi\u00e9rcoles en el local del SOMU. Adem\u00e1s de recibir a las autoridades electas del Partido Justicialista a nivel dom\u00e9stico y un informe \u201cdel sector del Casino sobre el conflicto que tienen, ya de larga data, sobre el peligro de la continuidad de la actividad\u201d, durante el encuentro \u201cavanzamos sobre el proceso de renovaci\u00f3n de autoridades\u201d.<\/p>\n<p>Revel\u00f3 que \u201cel mandato est\u00e1 vencido y prorrogado\u201d, por lo que \u201ceste a\u00f1o se inici\u00f3 un proceso de normalizaci\u00f3n de seccionales en todo el pa\u00eds, despu\u00e9s de que la conducci\u00f3n nacional orden\u00f3 sus autoridades\u201d. As\u00ed, \u201cllevamos a consideraci\u00f3n de los compa\u00f1eros utilizar la forma de un de binomio con Oscar Peralta, con quien estuvimos a cargo de la Secretar\u00eda General (en estos \u00faltimos a\u00f1os), para proponer esa f\u00f3rmula como renovaci\u00f3n, lo que tuvo muy buen eco de nuestros pares\u201d.<\/p>\n<p>\u201cVamos a avanzar en esa l\u00ednea, por lo que la conformaci\u00f3n local de la Regional va a tener dos secretarios, algo que, de hecho o informalmente, ya ven\u00eda funcionado\u201d, inform\u00f3 el representante gremial.<\/p>\n","protected":false},"excerpt":{"rendered":"<p>La medida de fuerza tendr\u00e1 lugar el jueves 28 y fue confirmada en el aire de Voces de la Ciudad por Demian Ledesma, representante local de los trabajadores bancarios. El gremialista tambi\u00e9n habl\u00f3 del robo que sufri\u00f3 la sede de la Asociaci\u00f3n y de la futura conducci\u00f3n de la CGT, que encabezar\u00e1 en un binomio [&hellip;]<\/p>\n","protected":false},"author":3,"featured_media":76551,"comment_status":"closed","ping_status":"closed","sticky":false,"template":"","format":"standard","meta":{"footnotes":""},"categories":[3],"tags":[],"class_list":["post-89225","post","type-post","status-publish","format-standard","has-post-thumbnail","category-masnoticias"],"_links":{"self":[{"href":"https:\/\/primicias2262.com\/noticias\/wp-json\/wp\/v2\/posts\/89225","targetHints":{"allow":["GET"]}}],"collection":[{"href":"https:\/\/primicias2262.com\/noticias\/wp-json\/wp\/v2\/posts"}],"about":[{"href":"https:\/\/primicias2262.com\/noticias\/wp-json\/wp\/v2\/types\/post"}],"author":[{"embeddable":true,"href":"https:\/\/primicias2262.com\/noticias\/wp-json\/wp\/v2\/users\/3"}],"replies":[{"embeddable":true,"href":"https:\/\/primicias2262.com\/noticias\/wp-json\/wp\/v2\/comments?post=89225"}],"version-history":[{"count":0,"href":"https:\/\/primicias2262.com\/noticias\/wp-json\/wp\/v2\/posts\/89225\/revisions"}],"wp:attachment":[{"href":"https:\/\/primicias2262.com\/noticias\/wp-json\/wp\/v2\/media?parent=89225"}],"wp:term":[{"taxonomy":"category","embeddable":true,"href":"https:\/\/primicias2262.com\/noticias\/wp-json\/wp\/v2\/categories?post=89225"},{"taxonomy":"post_tag","embeddable":true,"href":"https:\/\/primicias2262.com\/noticias\/wp-json\/wp\/v2\/tags?post=89225"}],"curies":[{"name":"wp","href":"https:\/\/api.w.org\/{rel}","templated":true}]}}