{"id":89249,"date":"2022-04-24T14:32:26","date_gmt":"2022-04-24T17:32:26","guid":{"rendered":"https:\/\/primicias2262.com\/?p=89249"},"modified":"2022-04-24T14:32:26","modified_gmt":"2022-04-24T17:32:26","slug":"arriaga-y-la-paritaria-de-empleados-de-comercio-los-numero-que-se-pueden-llegar-a-firmar-no-alcanzan","status":"publish","type":"post","link":"https:\/\/primicias2262.com\/noticias\/arriaga-y-la-paritaria-de-empleados-de-comercio-los-numero-que-se-pueden-llegar-a-firmar-no-alcanzan\/","title":{"rendered":"Arriaga y la paritaria de empleados de comercio: \u00abLos n\u00famero que se pueden llegar a firmar no alcanzan\u00bb"},"content":{"rendered":"<p>La Federaci\u00f3n Argentina cerr\u00f3 un acuerdo que estipula un aumento del 59,5% anual, elevando el piso salarial de 90 mil a 139 mil pesos. Aun as\u00ed, \u201chay productos de la canasta b\u00e1sica que suben por encima de los guarismos que da el INDEC y a la gente no le alcanza\u201d, confi\u00f3 el titular del sindicato a nivel local.<\/p>\n<p>Luego de algunos encuentros, la Federaci\u00f3n Argentina de Empleados de Comercio y Servicios termin\u00f3 cerrando este jueves un acuerdo paritario para el 2022 que estipula un aumento del 59,5 % anual para los trabajadores del rubro, pero que se pagar\u00e1 en siete cuotas no acumulativas, seg\u00fan explic\u00f3 el titular del sindicato a nivel dom\u00e9stico, Cristian Arriaga.<\/p>\n<p>En detalle, el incremento tendr\u00e1 un cronograma de pagos que se har\u00e1 efectivo de la siguiente manera: \u201cun 6% en abril, un 6 en mayo, un 6 en junio, un 10 en agosto, un 10 en septiembre, un 11 en noviembre y otro 10.5% en enero de 2023, todo esto es no acumulativo, va a pasar a hacer remunerativo a partir del a\u00f1o entrante\u201d, asegur\u00f3 el gremialista local en el programa Voces de la Ciudad.<\/p>\n<p>El acuerdo, que fue sellado entre la C\u00e1mara Argentina de Comercio (CAC), la Confederaci\u00f3n de la Mediana Empresa (CAME) y la Uni\u00f3n de Entidades Comerciales (Udeca) elevar\u00e1 el piso salarial de 90 mil a 139 mil pesos y podr\u00eda transformarse en una referencia para otras negociaciones.<\/p>\n<p>\u201cLa paritaria arranca a partir del 1\u00b0 de abril, como todos los a\u00f1os. El a\u00f1o pasado cerramos la pauta del 54% y, hace un par de meses, hubo una cl\u00e1usula de revisi\u00f3n que se pudo concretar en un 21% m\u00e1s, que a los porcentuales asignados para enero y febrero termin\u00f3 siendo de un 29%, lo que gener\u00f3 un total del 54% de aumento en aquel entonces, con lo que, te\u00f3ricamente, la ganamos 3 puntos a la inflaci\u00f3n\u201d, revel\u00f3 Arriaga.<\/p>\n<p>Aun as\u00ed, \u201ceso es en t\u00e9rminos num\u00e9ricos. En t\u00e9rminos reales no es tan as\u00ed, porque hay productos de la canasta b\u00e1sica, los de primera necesidad, que suben por encima de los guarismos que da el INDEC\u201d, entonces \u201ca la gente no le alcanza, el numero porcentual que vos firmes no alcanza\u201d, confi\u00f3 el titular local de uno de los gremios m\u00e1s importantes del pa\u00eds, con un padr\u00f3n que supera el mill\u00f3n de afiliados.<\/p>\n<p>\u201cEl Estado no quer\u00eda pautas cortas de paritarias, esto se dio as\u00ed y son diez meses, pero entiendo que va a haber cl\u00e1usulas de revisi\u00f3n, sobre todo en el marco inflacionario que vivimos, es hasta l\u00f3gico\u201d, dirimi\u00f3 el representante de los empleados de comercio en FM Vinilo 103.5 MHz.<\/p>\n<p>Despidi\u00e9ndose del aire radial, Arriaga concluy\u00f3: \u201cVuelvo a repetir, m\u00e1s all\u00e1 de las cifras o de los porcentuales, hoy por hoy, en un marco inflacionario como el que vivimos, los n\u00fameros que se puedan llegar a firmar no alcanzan, y eso mete miedo\u201d.<\/p>\n","protected":false},"excerpt":{"rendered":"<p>La Federaci\u00f3n Argentina cerr\u00f3 un acuerdo que estipula un aumento del 59,5% anual, elevando el piso salarial de 90 mil a 139 mil pesos. Aun as\u00ed, \u201chay productos de la canasta b\u00e1sica que suben por encima de los guarismos que da el INDEC y a la gente no le alcanza\u201d, confi\u00f3 el titular del sindicato [&hellip;]<\/p>\n","protected":false},"author":3,"featured_media":77911,"comment_status":"closed","ping_status":"closed","sticky":false,"template":"","format":"standard","meta":{"footnotes":""},"categories":[3],"tags":[],"class_list":["post-89249","post","type-post","status-publish","format-standard","has-post-thumbnail","category-masnoticias"],"_links":{"self":[{"href":"https:\/\/primicias2262.com\/noticias\/wp-json\/wp\/v2\/posts\/89249","targetHints":{"allow":["GET"]}}],"collection":[{"href":"https:\/\/primicias2262.com\/noticias\/wp-json\/wp\/v2\/posts"}],"about":[{"href":"https:\/\/primicias2262.com\/noticias\/wp-json\/wp\/v2\/types\/post"}],"author":[{"embeddable":true,"href":"https:\/\/primicias2262.com\/noticias\/wp-json\/wp\/v2\/users\/3"}],"replies":[{"embeddable":true,"href":"https:\/\/primicias2262.com\/noticias\/wp-json\/wp\/v2\/comments?post=89249"}],"version-history":[{"count":0,"href":"https:\/\/primicias2262.com\/noticias\/wp-json\/wp\/v2\/posts\/89249\/revisions"}],"wp:attachment":[{"href":"https:\/\/primicias2262.com\/noticias\/wp-json\/wp\/v2\/media?parent=89249"}],"wp:term":[{"taxonomy":"category","embeddable":true,"href":"https:\/\/primicias2262.com\/noticias\/wp-json\/wp\/v2\/categories?post=89249"},{"taxonomy":"post_tag","embeddable":true,"href":"https:\/\/primicias2262.com\/noticias\/wp-json\/wp\/v2\/tags?post=89249"}],"curies":[{"name":"wp","href":"https:\/\/api.w.org\/{rel}","templated":true}]}}