{"id":89254,"date":"2022-04-24T15:21:41","date_gmt":"2022-04-24T18:21:41","guid":{"rendered":"https:\/\/primicias2262.com\/?p=89254"},"modified":"2022-04-24T15:21:41","modified_gmt":"2022-04-24T18:21:41","slug":"el-cec-anexo-no-801-colecta-zapatillas-para-que-sus-alumnos-puedan-asistir-a-clases","status":"publish","type":"post","link":"https:\/\/primicias2262.com\/noticias\/el-cec-anexo-no-801-colecta-zapatillas-para-que-sus-alumnos-puedan-asistir-a-clases\/","title":{"rendered":"El CEC Anexo N\u00ba 801 colecta zapatillas para que sus alumnos puedan asistir a clases"},"content":{"rendered":"<p>\u201cEs algo sumamente doloroso saber que no est\u00e1n pudiendo concurrir a nuestra instituci\u00f3n, y por lo tanto tampoco a la escuela, a ra\u00edz de no tener zapatillas en condiciones\u201d, asegur\u00f3 Adriana Bloise, directora de la instituci\u00f3n, llamando a la comunidad a solidarizarse.<\/p>\n<p>En la ma\u00f1ana de FM Vinilo 103.5 MHz, la directora del Centro Educativo Complementario Anexo N\u00ba 801, Adriana Bloise, realiz\u00f3 un llamado a la comunidad pidiendo se sumen a la colecta de zapatillas que realiza la instituci\u00f3n a trav\u00e9s de sus redes sociales y en favor de su alumnado.<\/p>\n<p>\u201cEsta es una peque\u00f1a obra que puede hacer cualquiera de nosotros y le puede cambiar la situaci\u00f3n a un ni\u00f1o que en este momento no est\u00e1 pudiendo ir a la escuela, con todo lo que ello conlleva, porque no tiene que ponerse en los pies\u201d, se\u00f1al\u00f3 la docente sobre la solidaria acci\u00f3n.<\/p>\n<p>La campa\u00f1a que se organiza desde la sede ubicada en pleno coraz\u00f3n del Barrio Norte, en calle 78 al 2038, apunta espec\u00edficamente a la recolecci\u00f3n de calzado en buen estado desde el talle 27 al 40, inclusive, seg\u00fan explic\u00f3 la directiva en el programa Voces de la Ciudad, para ser usadas por ni\u00f1os y ni\u00f1as que forman parte de la matr\u00edcula y que tiene entre 3 y 16 a\u00f1os de edad.<\/p>\n<p>\u201cParece incre\u00edble y es algo sumamente doloroso saber que hay alumnos que no est\u00e1 pudiendo concurrir a nuestra instituci\u00f3n, y por lo tanto tampoco a la escuela, a ra\u00edz de no tener zapatillas en condiciones: Es muy triste, pero algo que est\u00e1 ocurriendo y una realidad que nos toca vivir\u201d, relat\u00f3 Bloise desde su experiencia.<\/p>\n<p>Para quienes tengan el deseo de colaborar con la causa, la instituci\u00f3n mantiene sus puertas abiertas en el horario de 8 a 17, de lunes a viernes, existiendo tambi\u00e9n la posibilidad de comunicarse telef\u00f3nicamente al 2262 634331 para aquellos que nos puedan acercarse.<\/p>\n<p>\u201cCu\u00e1ntas veces tenemos en casa zapatillas que no estamos usando y, por ah\u00ed, un chico realmente la est\u00e1 necesitando y de eso depende que puedan o no ir a la escuela a estudiar, que es de donde tienen que estar\u201d, remarc\u00f3 la directiva, afirmando que: \u201cSi todos ponemos un poquito, tal vez podamos revertir esto\u201d.<\/p>\n<p>Despidi\u00e9ndose del aire de la FM Vinilo 103.5 MHz, la directora del Anexo cont\u00f3 sobre las tareas que se desenvuelven en el lugar: \u201cSomos un complemento de la escuela. Ac\u00e1 los ni\u00f1os tienen apoyo pedag\u00f3gico, hacen sus tareas, tienen talleres y actividades recreativas, como ajedrez, educaci\u00f3n f\u00edsica o cuentos\u201d, dando a\u00fan mayor relevancia a un llamado a la solidaridad que no deja de entristecer.<\/p>\n","protected":false},"excerpt":{"rendered":"<p>\u201cEs algo sumamente doloroso saber que no est\u00e1n pudiendo concurrir a nuestra instituci\u00f3n, y por lo tanto tampoco a la escuela, a ra\u00edz de no tener zapatillas en condiciones\u201d, asegur\u00f3 Adriana Bloise, directora de la instituci\u00f3n, llamando a la comunidad a solidarizarse. En la ma\u00f1ana de FM Vinilo 103.5 MHz, la directora del Centro Educativo [&hellip;]<\/p>\n","protected":false},"author":3,"featured_media":89255,"comment_status":"closed","ping_status":"closed","sticky":false,"template":"","format":"standard","meta":{"footnotes":""},"categories":[3],"tags":[],"class_list":["post-89254","post","type-post","status-publish","format-standard","has-post-thumbnail","category-masnoticias"],"_links":{"self":[{"href":"https:\/\/primicias2262.com\/noticias\/wp-json\/wp\/v2\/posts\/89254","targetHints":{"allow":["GET"]}}],"collection":[{"href":"https:\/\/primicias2262.com\/noticias\/wp-json\/wp\/v2\/posts"}],"about":[{"href":"https:\/\/primicias2262.com\/noticias\/wp-json\/wp\/v2\/types\/post"}],"author":[{"embeddable":true,"href":"https:\/\/primicias2262.com\/noticias\/wp-json\/wp\/v2\/users\/3"}],"replies":[{"embeddable":true,"href":"https:\/\/primicias2262.com\/noticias\/wp-json\/wp\/v2\/comments?post=89254"}],"version-history":[{"count":0,"href":"https:\/\/primicias2262.com\/noticias\/wp-json\/wp\/v2\/posts\/89254\/revisions"}],"wp:attachment":[{"href":"https:\/\/primicias2262.com\/noticias\/wp-json\/wp\/v2\/media?parent=89254"}],"wp:term":[{"taxonomy":"category","embeddable":true,"href":"https:\/\/primicias2262.com\/noticias\/wp-json\/wp\/v2\/categories?post=89254"},{"taxonomy":"post_tag","embeddable":true,"href":"https:\/\/primicias2262.com\/noticias\/wp-json\/wp\/v2\/tags?post=89254"}],"curies":[{"name":"wp","href":"https:\/\/api.w.org\/{rel}","templated":true}]}}