{"id":89268,"date":"2022-04-25T09:52:53","date_gmt":"2022-04-25T12:52:53","guid":{"rendered":"https:\/\/primicias2262.com\/?p=89268"},"modified":"2022-04-25T09:52:53","modified_gmt":"2022-04-25T12:52:53","slug":"la-escritora-necochense-veronica-sordelli-presentara-sus-tres-novelas-en-la-feria-internacional-del-libro","status":"publish","type":"post","link":"https:\/\/primicias2262.com\/noticias\/la-escritora-necochense-veronica-sordelli-presentara-sus-tres-novelas-en-la-feria-internacional-del-libro\/","title":{"rendered":"La escritora necochense Ver\u00f3nica Sordelli presentar\u00e1 sus tres novelas en la Feria Internacional del Libro"},"content":{"rendered":"<p><strong>La escritora local, Ver\u00f3nica Sordelli, estar\u00e1 presente con sus tres libros ya realizados en la Ferian Internacional del Libro, que, como ya es habitual, tendr\u00e1 lugar en CABA, puntualmente en la Sociedad Rural de Palermo, entre el 28 de abril y el 16 de mayo.<\/strong><\/p>\n<p>En la oportunidad, Ver\u00f3nica pondr\u00e1 a disposici\u00f3n del p\u00fablico sus tres novelas durante todas las jornadas, mientras que el s\u00e1bado 7 de mayo estar\u00e1 presente firmando sus ejemplares.<\/p>\n<p>Se trata de \u201cUn lugar en el mundo\u201d, \u201cCastillos de Arena\u201d y \u201cCamino al Cabo\u201d, adem\u00e1s de la la antolog\u00eda \u201cMujeres Libres\u201d, de la cual particip\u00f3 seleccionada por Cultura de la Provincia de Buenos Aires para un proyecto de lectura que lleg\u00f3 a m\u00e1s de 300 bibliotecas.<\/p>\n<p>Dichas obras, regadas de amor, historia y muchas veces intriga, se expondr\u00e1n en el Pabell\u00f3n Amarillo Stand 1422 de la editorial Severled.<\/p>\n<p><a href=\"https:\/\/primicias2262.com\/wp-content\/uploads\/2022\/04\/feria-del-libro.jpeg\"><img loading=\"lazy\" decoding=\"async\" class=\"aligncenter size-full wp-image-89269\" src=\"https:\/\/primicias2262.com\/wp-content\/uploads\/2022\/04\/feria-del-libro.jpeg\" alt=\"\" width=\"1200\" height=\"630\" \/><\/a><\/p>\n","protected":false},"excerpt":{"rendered":"<p>La escritora local, Ver\u00f3nica Sordelli, estar\u00e1 presente con sus tres libros ya realizados en la Ferian Internacional del Libro, que, como ya es habitual, tendr\u00e1 lugar en CABA, puntualmente en la Sociedad Rural de Palermo, entre el 28 de abril y el 16 de mayo. En la oportunidad, Ver\u00f3nica pondr\u00e1 a disposici\u00f3n del p\u00fablico sus [&hellip;]<\/p>\n","protected":false},"author":3,"featured_media":89270,"comment_status":"closed","ping_status":"closed","sticky":false,"template":"","format":"standard","meta":{"footnotes":""},"categories":[3],"tags":[],"class_list":["post-89268","post","type-post","status-publish","format-standard","has-post-thumbnail","category-masnoticias"],"_links":{"self":[{"href":"https:\/\/primicias2262.com\/noticias\/wp-json\/wp\/v2\/posts\/89268","targetHints":{"allow":["GET"]}}],"collection":[{"href":"https:\/\/primicias2262.com\/noticias\/wp-json\/wp\/v2\/posts"}],"about":[{"href":"https:\/\/primicias2262.com\/noticias\/wp-json\/wp\/v2\/types\/post"}],"author":[{"embeddable":true,"href":"https:\/\/primicias2262.com\/noticias\/wp-json\/wp\/v2\/users\/3"}],"replies":[{"embeddable":true,"href":"https:\/\/primicias2262.com\/noticias\/wp-json\/wp\/v2\/comments?post=89268"}],"version-history":[{"count":0,"href":"https:\/\/primicias2262.com\/noticias\/wp-json\/wp\/v2\/posts\/89268\/revisions"}],"wp:attachment":[{"href":"https:\/\/primicias2262.com\/noticias\/wp-json\/wp\/v2\/media?parent=89268"}],"wp:term":[{"taxonomy":"category","embeddable":true,"href":"https:\/\/primicias2262.com\/noticias\/wp-json\/wp\/v2\/categories?post=89268"},{"taxonomy":"post_tag","embeddable":true,"href":"https:\/\/primicias2262.com\/noticias\/wp-json\/wp\/v2\/tags?post=89268"}],"curies":[{"name":"wp","href":"https:\/\/api.w.org\/{rel}","templated":true}]}}