{"id":89285,"date":"2022-04-25T12:54:23","date_gmt":"2022-04-25T15:54:23","guid":{"rendered":"https:\/\/primicias2262.com\/?p=89285"},"modified":"2022-04-25T12:54:23","modified_gmt":"2022-04-25T15:54:23","slug":"una-moto-perdio-el-control-por-una-maniobra-de-un-vehiculo-de-transito-y-le-iniciaron-un-sumario-al-inspector-municipal","status":"publish","type":"post","link":"https:\/\/primicias2262.com\/noticias\/una-moto-perdio-el-control-por-una-maniobra-de-un-vehiculo-de-transito-y-le-iniciaron-un-sumario-al-inspector-municipal\/","title":{"rendered":"Una moto perdi\u00f3 el control por una maniobra de un veh\u00edculo de tr\u00e1nsito y le iniciaron un sumario al inspector municipal"},"content":{"rendered":"<p><strong>Alrededor de la medianoche, y en el contexto de las \u201cpicadas\u201d que se repiten en el tramo asfaltado de Avenida 10, una moto perdi\u00f3 el control ante la maniobra de uno de los veh\u00edculos de la comuna que est\u00e1 siendo observada por el Ejecutivo, adem\u00e1s de la denuncia penal que ya est\u00e1 en Fiscal\u00eda y que corre por otros carriles. La mujer que iba en la parte trasera del ciclomotor result\u00f3 con heridas leves y ya est\u00e1 dada de alta<\/strong><\/p>\n<p>El Departamento Ejecutivo inform\u00f3 que ya est\u00e1 siendo investigado por el \u00e1rea de Legales el accionar del empleado municipal que manejaba la camioneta de Tr\u00e1nsito en el momento en el que, en un confuso hecho sucedido anoche en Av. 10, termin\u00f3 golpeada una persona que iba en la parte trasera de una moto tras perder el equilibrio, todo en el marco de las ya lamentables conocidas \u201cpicadas\u201d.<\/p>\n<p>Puntualmente, alrededor de la hora 0, se recibi\u00f3 en la base un llamado por parte de vecinos denunciando \u201cpicadas\u201d de motos en la Avenida 10. Ante ello, r\u00e1pidamente se acerca el m\u00f3vil 256 con dotaci\u00f3n completa al que se suma un patrullero policial como refuerzo.<\/p>\n<p>Una vez en el lugar, se pudo observar como unas 30 motos estaban haciendo \u201cpicadas\u201d generando ruidos molestos, pero que al visibilizar la llegada de los patrulleros empezaron a darse a la fuga.<\/p>\n<p>En este contexto, a la altura de Av. 10 y 95, se produce una maniobra que involucra a la camioneta de Tr\u00e1nsito con un ciclomotor en el que se trasladaban dos personas. De pronto, y en lo que ya se investiga, el veh\u00edculo de menor porte muerde el cord\u00f3n y cae pesadamente al asfalto, resultando herida levemente la mujer que iba atr\u00e1s, quien, de hecho, ya est\u00e1 dada de alta tras algunas curaciones.<\/p>\n<p>A ra\u00edz de esto, empiezan a arroj\u00e1rsele piedras al personal municipal y astillando uno de los vidrios de la camioneta de Tr\u00e1nsito.<\/p>\n<p>En definitiva, Polic\u00eda le inici\u00f3 al inspector de Tr\u00e1nsito que manejaba el veh\u00edculo las actuaciones penales correspondientes por \u2018lesiones culposas\u2019, con intervenci\u00f3n de la UFI 20, oportunidad en la que se secuestr\u00f3 la camioneta de Tr\u00e1nsito para las correspondientes pericias y se le extrajo una muestra sangu\u00ednea a dicho conductor.<\/p>\n<p>Paralelamente, desde el municipio se inici\u00f3 el correspondiente sumario para determinar la negligencia o imprudencia, o no, por parte del chofer de la camioneta. De ser as\u00ed, de haber habido alg\u00fan tipo de intenci\u00f3n en la maniobra, se aplicar\u00e1 la sanci\u00f3n seg\u00fan lo que establezca el \u00e1rea de Legales, pudiendo llegarse al despido del agente de la comuna en caso de as\u00ed corresponder.<\/p>\n","protected":false},"excerpt":{"rendered":"<p>Alrededor de la medianoche, y en el contexto de las \u201cpicadas\u201d que se repiten en el tramo asfaltado de Avenida 10, una moto perdi\u00f3 el control ante la maniobra de uno de los veh\u00edculos de la comuna que est\u00e1 siendo observada por el Ejecutivo, adem\u00e1s de la denuncia penal que ya est\u00e1 en Fiscal\u00eda y [&hellip;]<\/p>\n","protected":false},"author":3,"featured_media":89286,"comment_status":"closed","ping_status":"closed","sticky":false,"template":"","format":"standard","meta":{"footnotes":""},"categories":[3],"tags":[],"class_list":["post-89285","post","type-post","status-publish","format-standard","has-post-thumbnail","category-masnoticias"],"_links":{"self":[{"href":"https:\/\/primicias2262.com\/noticias\/wp-json\/wp\/v2\/posts\/89285","targetHints":{"allow":["GET"]}}],"collection":[{"href":"https:\/\/primicias2262.com\/noticias\/wp-json\/wp\/v2\/posts"}],"about":[{"href":"https:\/\/primicias2262.com\/noticias\/wp-json\/wp\/v2\/types\/post"}],"author":[{"embeddable":true,"href":"https:\/\/primicias2262.com\/noticias\/wp-json\/wp\/v2\/users\/3"}],"replies":[{"embeddable":true,"href":"https:\/\/primicias2262.com\/noticias\/wp-json\/wp\/v2\/comments?post=89285"}],"version-history":[{"count":0,"href":"https:\/\/primicias2262.com\/noticias\/wp-json\/wp\/v2\/posts\/89285\/revisions"}],"wp:attachment":[{"href":"https:\/\/primicias2262.com\/noticias\/wp-json\/wp\/v2\/media?parent=89285"}],"wp:term":[{"taxonomy":"category","embeddable":true,"href":"https:\/\/primicias2262.com\/noticias\/wp-json\/wp\/v2\/categories?post=89285"},{"taxonomy":"post_tag","embeddable":true,"href":"https:\/\/primicias2262.com\/noticias\/wp-json\/wp\/v2\/tags?post=89285"}],"curies":[{"name":"wp","href":"https:\/\/api.w.org\/{rel}","templated":true}]}}