{"id":89288,"date":"2022-04-25T18:24:37","date_gmt":"2022-04-25T21:24:37","guid":{"rendered":"https:\/\/primicias2262.com\/?p=89288"},"modified":"2022-04-25T18:24:37","modified_gmt":"2022-04-25T21:24:37","slug":"mientras-la-uta-confirmaba-el-paro-de-colectivos-el-ministro-de-trabajo-decreto-la-conciliacion-obligatoria","status":"publish","type":"post","link":"https:\/\/primicias2262.com\/noticias\/mientras-la-uta-confirmaba-el-paro-de-colectivos-el-ministro-de-trabajo-decreto-la-conciliacion-obligatoria\/","title":{"rendered":"Mientras la UTA confirmaba el paro de colectivos, el ministro de Trabajo decret\u00f3 la conciliaci\u00f3n obligatoria"},"content":{"rendered":"<p>n el aire de Voces de la Ciudad, Gast\u00f3n Santagada, delegado de la Seccional Mar del Plata, aseguraba esta ma\u00f1ana que la medida de fuerza iba a afectar a todo el interior del pa\u00eds, incluidas Necochea y Quequ\u00e9n. La reciente resoluci\u00f3n de la cartera laboral impedir\u00eda realizar medidas de fuerza por los pr\u00f3ximos diez d\u00edas.<\/p>\n<p>El delegado de la Seccional Mar del Plata de la Uni\u00f3n Tranviarios Automotor (UTA), Gast\u00f3n Santagada, confirm\u00f3 esta ma\u00f1ana en el programa radial Voces de la Ciudad que est\u00e1 confirmado el paro de colectivos de media y larga distancia, que afecta al servicio urbano, por 48 horas a partir de las 0 de este martes 26, aunque, hace instantes, el Ministerio de Trabajo nacional dict\u00f3 la conciliaci\u00f3n obligatoria en el marco del conflicto entablado con el sector empresario, por lo que se esperan nuevas noticias al respecto.<\/p>\n<p>Mientras tanto, el referente regional indic\u00f3 que, de acuerdo al comunicado emitido el pasado jueves por el sindicato, \u201cel paro es para todo el interior del pa\u00eds y, obviamente, se van a ver afectadas las ciudades de Necochea y Quequ\u00e9n\u201d.<\/p>\n<p>\u201cNadie comparte esta medida, porque la UTA busc\u00f3 todas las instancias para no llegar a este punto, pero parte de las autoridades provinciales ni siquiera estuvieron presentes en las \u00faltimas audiencias\u201d, constat\u00f3 el sindicalista, agregando que \u201ceste es un tema de gran importancia, porque trata la recomposici\u00f3n salarial de todos los trabajadores del interior, como lo ha sido en el \u00e1rea metropolitana hace ya m\u00e1s de un mes\u201d.<\/p>\n<p>Santagada advirti\u00f3 que, a su vez, la Federaci\u00f3n Argentina de Transportes por Automotor de Pasajeros (Fatap) \u201cmanifiesta que el problema es el que viene desde hace un tiempo, y es el del reparto de subsidios, que va todo de la mano\u201d.<\/p>\n<p>\u201cHan manifestado que, si no hay soluci\u00f3n de car\u00e1cter urgente, en un momento van a tener que empezar a reducir servicio tambi\u00e9n\u201d, sum\u00f3 el dirigente, debido a que \u201cel problema grande son los subsidios, su reparto, que no entran en tiempo y forma, y los n\u00fameros no son los mismo que los del AMBA\u201d.<\/p>\n<p>De acuerdo a la informaci\u00f3n que ya circula por medios nacionales, la resoluci\u00f3n impuesta por la cartera laboral en los \u00faltimos minutos no permite a los gremios realizar medidas de fuerza por los pr\u00f3ximos diez d\u00edas, por lo que el paro anunciado deber\u00eda quedar sin efecto.<\/p>\n","protected":false},"excerpt":{"rendered":"<p>n el aire de Voces de la Ciudad, Gast\u00f3n Santagada, delegado de la Seccional Mar del Plata, aseguraba esta ma\u00f1ana que la medida de fuerza iba a afectar a todo el interior del pa\u00eds, incluidas Necochea y Quequ\u00e9n. La reciente resoluci\u00f3n de la cartera laboral impedir\u00eda realizar medidas de fuerza por los pr\u00f3ximos diez d\u00edas. [&hellip;]<\/p>\n","protected":false},"author":3,"featured_media":77143,"comment_status":"closed","ping_status":"closed","sticky":false,"template":"","format":"standard","meta":{"footnotes":""},"categories":[3],"tags":[],"class_list":["post-89288","post","type-post","status-publish","format-standard","has-post-thumbnail","category-masnoticias"],"_links":{"self":[{"href":"https:\/\/primicias2262.com\/noticias\/wp-json\/wp\/v2\/posts\/89288","targetHints":{"allow":["GET"]}}],"collection":[{"href":"https:\/\/primicias2262.com\/noticias\/wp-json\/wp\/v2\/posts"}],"about":[{"href":"https:\/\/primicias2262.com\/noticias\/wp-json\/wp\/v2\/types\/post"}],"author":[{"embeddable":true,"href":"https:\/\/primicias2262.com\/noticias\/wp-json\/wp\/v2\/users\/3"}],"replies":[{"embeddable":true,"href":"https:\/\/primicias2262.com\/noticias\/wp-json\/wp\/v2\/comments?post=89288"}],"version-history":[{"count":0,"href":"https:\/\/primicias2262.com\/noticias\/wp-json\/wp\/v2\/posts\/89288\/revisions"}],"wp:attachment":[{"href":"https:\/\/primicias2262.com\/noticias\/wp-json\/wp\/v2\/media?parent=89288"}],"wp:term":[{"taxonomy":"category","embeddable":true,"href":"https:\/\/primicias2262.com\/noticias\/wp-json\/wp\/v2\/categories?post=89288"},{"taxonomy":"post_tag","embeddable":true,"href":"https:\/\/primicias2262.com\/noticias\/wp-json\/wp\/v2\/tags?post=89288"}],"curies":[{"name":"wp","href":"https:\/\/api.w.org\/{rel}","templated":true}]}}