{"id":89290,"date":"2022-04-25T19:25:11","date_gmt":"2022-04-25T22:25:11","guid":{"rendered":"https:\/\/primicias2262.com\/?p=89290"},"modified":"2022-04-25T19:25:11","modified_gmt":"2022-04-25T22:25:11","slug":"la-uta-ratifico-que-habra-paro-de-micros-este-martes-y-miercoles","status":"publish","type":"post","link":"https:\/\/primicias2262.com\/noticias\/la-uta-ratifico-que-habra-paro-de-micros-este-martes-y-miercoles\/","title":{"rendered":"La UTA ratific\u00f3 que habr\u00e1 paro  de micros este martes y mi\u00e9rcoles"},"content":{"rendered":"<p><strong>El gremio que tiene como afiliados a los choferes de micros confirm\u00f3 la medida de fuerza pese a la conciliaci\u00f3n obligatoria dispuesta por el Ministerio de Trabajo. Visto esta circunstancia, la medida comenzar\u00e1 esta medionoche y dejar\u00edan de circular los colectivos azules y verdes en Necochea Quequ\u00e9n.<\/strong><\/p>\n<p><strong>Por Jorge G\u00f3mez<\/strong><\/p>\n<p>\u00abAnte las diferentes versiones que circulan en medios y redes, la Uni\u00f3n Tranviarios Automotor ratifica la medida de fuerza a partir de la 0 hora de este d\u00eda martes 26 de abril\u00bb.<br \/>\nTal lo que informado esta noche por la Delegaci\u00f3n Mar del Plata de la UTA, gremio que tiene como afiliados a los choferes de micros urbanos de aquella ciudad como as\u00ed tambi\u00e9n a los que prestan servicio en Necochea y Quequ\u00e9n.<\/p>\n<p>Esta nota sale al cruce de la conciliaci\u00f3n obligatoria dispuesta en la siesta de este unes por el Ministerio de Trabajo, decisi\u00f3n a la que no acatar\u00e1 -seg\u00fan se desprende del texto- el mencionado sindicato.<\/p>\n<p>La difusi\u00f3n del comunicado fue realizada y dada a conocer por Gast\u00f3n Santagada, delegado de la UTA en nuestra ciudad, en comunicaci\u00f3n permanente con la representaci\u00f3n gremial de Mar del Plata.<\/p>\n<p>Vista esta circunstancia, se iniciar\u00e1 el paro a partir de esta noche, prolong\u00e1ndose hasta el venidero mi\u00e9rcoles a las 24, o sea una medida de 48 horas, por reclamos no satisfechos de \u00edndole salarial, entre otros fundamentos.<\/p>\n<p>Ergo, los micros urbanos de Necochea y Quequ\u00e9n -Compa\u00f1\u00eda de Transporte Necochea y Micro \u00d3mnibus Nueva Pompeya- dejar\u00edan de circular y de brindar servicio durante dos jornadas, siempre y cuando no se encuentre soluci\u00f3n al aludido conflicto.<\/p>\n","protected":false},"excerpt":{"rendered":"<p>El gremio que tiene como afiliados a los choferes de micros confirm\u00f3 la medida de fuerza pese a la conciliaci\u00f3n obligatoria dispuesta por el Ministerio de Trabajo. Visto esta circunstancia, la medida comenzar\u00e1 esta medionoche y dejar\u00edan de circular los colectivos azules y verdes en Necochea Quequ\u00e9n. Por Jorge G\u00f3mez \u00abAnte las diferentes versiones que [&hellip;]<\/p>\n","protected":false},"author":3,"featured_media":77143,"comment_status":"closed","ping_status":"closed","sticky":false,"template":"","format":"standard","meta":{"footnotes":""},"categories":[3],"tags":[],"class_list":["post-89290","post","type-post","status-publish","format-standard","has-post-thumbnail","category-masnoticias"],"_links":{"self":[{"href":"https:\/\/primicias2262.com\/noticias\/wp-json\/wp\/v2\/posts\/89290","targetHints":{"allow":["GET"]}}],"collection":[{"href":"https:\/\/primicias2262.com\/noticias\/wp-json\/wp\/v2\/posts"}],"about":[{"href":"https:\/\/primicias2262.com\/noticias\/wp-json\/wp\/v2\/types\/post"}],"author":[{"embeddable":true,"href":"https:\/\/primicias2262.com\/noticias\/wp-json\/wp\/v2\/users\/3"}],"replies":[{"embeddable":true,"href":"https:\/\/primicias2262.com\/noticias\/wp-json\/wp\/v2\/comments?post=89290"}],"version-history":[{"count":0,"href":"https:\/\/primicias2262.com\/noticias\/wp-json\/wp\/v2\/posts\/89290\/revisions"}],"wp:attachment":[{"href":"https:\/\/primicias2262.com\/noticias\/wp-json\/wp\/v2\/media?parent=89290"}],"wp:term":[{"taxonomy":"category","embeddable":true,"href":"https:\/\/primicias2262.com\/noticias\/wp-json\/wp\/v2\/categories?post=89290"},{"taxonomy":"post_tag","embeddable":true,"href":"https:\/\/primicias2262.com\/noticias\/wp-json\/wp\/v2\/tags?post=89290"}],"curies":[{"name":"wp","href":"https:\/\/api.w.org\/{rel}","templated":true}]}}