{"id":89306,"date":"2022-04-26T10:10:55","date_gmt":"2022-04-26T13:10:55","guid":{"rendered":"https:\/\/primicias2262.com\/?p=89306"},"modified":"2022-04-26T10:10:55","modified_gmt":"2022-04-26T13:10:55","slug":"secuestraron-un-auto-que-trasladaba-gente-sin-permiso-para-oficiar-de-transporte-publico","status":"publish","type":"post","link":"https:\/\/primicias2262.com\/noticias\/secuestraron-un-auto-que-trasladaba-gente-sin-permiso-para-oficiar-de-transporte-publico\/","title":{"rendered":"Secuestraron un auto que trasladaba gente sin permiso para oficiar de transporte p\u00fablico"},"content":{"rendered":"<p><strong>En un operativo conjunto entre Tr\u00e1nsito, Transporte y Jefatura Departamental, se secuestr\u00f3 esta ma\u00f1ana en inmediaciones del Puente Dardo Rocha un veh\u00edculo particular que transportaba personas, y que l\u00f3gicamente carec\u00eda de habilitaci\u00f3n para poder circular bajo la modalidad transporte p\u00fablico.<\/strong><\/p>\n<p>Con respecto a ello, el director de Transporte, Facundo Croci, explic\u00f3 que \u201cno ten\u00eda seguro correspondiente para el traslado de pasajeros como modalidad remisse, ya que no ha pasado por las inspecciones que hacemos bimestralmente para remises y trimestrales para taxis donde observamos que tengan los elementos de confort y seguridad seg\u00fan ordenanza vigente\u201d.<\/p>\n<p>\u201cEl auto era de otra ciudad y sin jurisdicci\u00f3n para poder actuar en Necochea, as\u00ed que lo secuestramos\u201d admiti\u00f3 m\u00e1s tarde, para agregar por \u00faltimo que \u201cen realidad s\u00ed estaba en regla para circular como particular pero para nada para hacerlo con pasajeros\u201d.<\/p>\n<p>Cabe decir que desde el municipio se est\u00e1n intensificando operativos r\u00e1pidos de dos horas en cada lugar, elegidos estrat\u00e9gicamente con el fin de tener m\u00e1s presencia diariamente en diferentes puntos de la ciudad.<\/p>\n","protected":false},"excerpt":{"rendered":"<p>En un operativo conjunto entre Tr\u00e1nsito, Transporte y Jefatura Departamental, se secuestr\u00f3 esta ma\u00f1ana en inmediaciones del Puente Dardo Rocha un veh\u00edculo particular que transportaba personas, y que l\u00f3gicamente carec\u00eda de habilitaci\u00f3n para poder circular bajo la modalidad transporte p\u00fablico. Con respecto a ello, el director de Transporte, Facundo Croci, explic\u00f3 que \u201cno ten\u00eda seguro [&hellip;]<\/p>\n","protected":false},"author":3,"featured_media":89307,"comment_status":"closed","ping_status":"closed","sticky":false,"template":"","format":"standard","meta":{"footnotes":""},"categories":[3],"tags":[],"class_list":["post-89306","post","type-post","status-publish","format-standard","has-post-thumbnail","category-masnoticias"],"_links":{"self":[{"href":"https:\/\/primicias2262.com\/noticias\/wp-json\/wp\/v2\/posts\/89306","targetHints":{"allow":["GET"]}}],"collection":[{"href":"https:\/\/primicias2262.com\/noticias\/wp-json\/wp\/v2\/posts"}],"about":[{"href":"https:\/\/primicias2262.com\/noticias\/wp-json\/wp\/v2\/types\/post"}],"author":[{"embeddable":true,"href":"https:\/\/primicias2262.com\/noticias\/wp-json\/wp\/v2\/users\/3"}],"replies":[{"embeddable":true,"href":"https:\/\/primicias2262.com\/noticias\/wp-json\/wp\/v2\/comments?post=89306"}],"version-history":[{"count":0,"href":"https:\/\/primicias2262.com\/noticias\/wp-json\/wp\/v2\/posts\/89306\/revisions"}],"wp:attachment":[{"href":"https:\/\/primicias2262.com\/noticias\/wp-json\/wp\/v2\/media?parent=89306"}],"wp:term":[{"taxonomy":"category","embeddable":true,"href":"https:\/\/primicias2262.com\/noticias\/wp-json\/wp\/v2\/categories?post=89306"},{"taxonomy":"post_tag","embeddable":true,"href":"https:\/\/primicias2262.com\/noticias\/wp-json\/wp\/v2\/tags?post=89306"}],"curies":[{"name":"wp","href":"https:\/\/api.w.org\/{rel}","templated":true}]}}