{"id":89311,"date":"2022-04-26T17:18:28","date_gmt":"2022-04-26T20:18:28","guid":{"rendered":"https:\/\/primicias2262.com\/?p=89311"},"modified":"2022-04-26T17:18:28","modified_gmt":"2022-04-26T20:18:28","slug":"se-levanto-el-paro-y-se-normalizo-el-servicio-de-micros-en-necochea-y-quequen","status":"publish","type":"post","link":"https:\/\/primicias2262.com\/noticias\/se-levanto-el-paro-y-se-normalizo-el-servicio-de-micros-en-necochea-y-quequen\/","title":{"rendered":"Se levant\u00f3 el paro y se normaliz\u00f3 el servicio de micros en Necochea y Quequ\u00e9n"},"content":{"rendered":"<p><strong>Por Jorge G\u00f3mez<\/strong><\/p>\n<p>Tras la medida de fuerza que se inici\u00f3 a la 0 hora de este martes de parte de los choferes afiliados a la UTA, este mediod\u00eda se regulariz\u00f3 la circulaci\u00f3n de las unidades de micros en nuestras ciudades, conocido un comunicado del gremio que acat\u00f3 una conciliaci\u00f3n obligatoria dispuesta por el Ministerio de Trabajo.<\/p>\n<p>El servicio se fue normalizando en forma paulatina desde este mediod\u00eda.<\/p>\n<p>El paro de las regionales del interior de la UTA fue en reclamo a que las empresas nucleadas en la Federaci\u00f3n Argentina de Transporte por Automotor de Pasajeros (Fatap) implementen el mismo aumento salarial acordado para el Area Metropolitana de Buenos Aires (AMBA): un 50% hasta agosto con el compromiso de revisar ese mes la paritaria y el pago de sumas fijas de $ 13.000 correspondientes a enero, $ 13.000 a febrero y $ 21.000 en marzo. De esta forma, el sueldo b\u00e1sico se ir\u00eda en agosto a $ 150.000.<\/p>\n<p>LA UTA Interior hab\u00eda lanzado un paro de 48 horas, pero el Ministerio de Trabajo dispuso la conciliaci\u00f3n obligatoria, a trav\u00e9s de la que estableci\u00f3 un plazo de 10 d\u00edas sin medidas de fuerza para que las partes lleguen a un acuerdo.<\/p>\n<p>De todos modos, el sindicato adujo que la notificaci\u00f3n de esa resoluci\u00f3n no hab\u00eda llegado por los carriles formales, por lo que en Mar del Plata -con su influencia en Necochea y Quequ\u00e9n- y en otras grandes del interior del pa\u00eds las unidades dejaron de circular a primera hora de este martes.<\/p>\n<p>El paro impact\u00f3 en las zonas que reclaman una equiparaci\u00f3n en la distribuci\u00f3n de subsidios con el AMBA.<\/p>\n","protected":false},"excerpt":{"rendered":"<p>Por Jorge G\u00f3mez Tras la medida de fuerza que se inici\u00f3 a la 0 hora de este martes de parte de los choferes afiliados a la UTA, este mediod\u00eda se regulariz\u00f3 la circulaci\u00f3n de las unidades de micros en nuestras ciudades, conocido un comunicado del gremio que acat\u00f3 una conciliaci\u00f3n obligatoria dispuesta por el Ministerio [&hellip;]<\/p>\n","protected":false},"author":3,"featured_media":77142,"comment_status":"closed","ping_status":"closed","sticky":false,"template":"","format":"standard","meta":{"footnotes":""},"categories":[3],"tags":[],"class_list":["post-89311","post","type-post","status-publish","format-standard","has-post-thumbnail","category-masnoticias"],"_links":{"self":[{"href":"https:\/\/primicias2262.com\/noticias\/wp-json\/wp\/v2\/posts\/89311","targetHints":{"allow":["GET"]}}],"collection":[{"href":"https:\/\/primicias2262.com\/noticias\/wp-json\/wp\/v2\/posts"}],"about":[{"href":"https:\/\/primicias2262.com\/noticias\/wp-json\/wp\/v2\/types\/post"}],"author":[{"embeddable":true,"href":"https:\/\/primicias2262.com\/noticias\/wp-json\/wp\/v2\/users\/3"}],"replies":[{"embeddable":true,"href":"https:\/\/primicias2262.com\/noticias\/wp-json\/wp\/v2\/comments?post=89311"}],"version-history":[{"count":0,"href":"https:\/\/primicias2262.com\/noticias\/wp-json\/wp\/v2\/posts\/89311\/revisions"}],"wp:attachment":[{"href":"https:\/\/primicias2262.com\/noticias\/wp-json\/wp\/v2\/media?parent=89311"}],"wp:term":[{"taxonomy":"category","embeddable":true,"href":"https:\/\/primicias2262.com\/noticias\/wp-json\/wp\/v2\/categories?post=89311"},{"taxonomy":"post_tag","embeddable":true,"href":"https:\/\/primicias2262.com\/noticias\/wp-json\/wp\/v2\/tags?post=89311"}],"curies":[{"name":"wp","href":"https:\/\/api.w.org\/{rel}","templated":true}]}}